{"id":16961,"date":"2026-05-01T09:43:17","date_gmt":"2026-05-01T09:43:17","guid":{"rendered":"https:\/\/www.newsrecorder.ro\/app\/2026\/05\/01\/fifor-1-mai-sarbatorit-cu-respect-si-solidaritate-nu-lozinci\/"},"modified":"2026-05-01T09:43:17","modified_gmt":"2026-05-01T09:43:17","slug":"fifor-1-mai-sarbatorit-cu-respect-si-solidaritate-nu-lozinci","status":"publish","type":"post","link":"https:\/\/www.newsrecorder.ro\/app\/2026\/05\/01\/fifor-1-mai-sarbatorit-cu-respect-si-solidaritate-nu-lozinci\/","title":{"rendered":"Fifor: 1 Mai s\u0103rb\u0103torit cu respect \u0219i solidaritate, nu lozinci!"},"content":{"rendered":"<p>\u00centr-un mesaj postat pe re\u021belele sociale, liderul social-democrat a subliniat necesitatea de a readuce semnifica\u021bia zilei de 1 Mai la valorile sale fundamentale: respectul pentru munc\u0103 \u0219i responsabilitatea fa\u021b\u0103 de oameni.<\/p>\n<p>Conform acestuia, solidaritatea social\u0103 implic\u0103 o implicare real\u0103 \u0219i o aten\u021bie deosebit\u0103 fa\u021b\u0103 de provoc\u0103rile cu care se confrunt\u0103 rom\u00e2nii care muncesc din greu \u00een fiecare zi.<\/p>\n<p>\u201e<strong>Solidaritatea \u00eenseamn\u0103 s\u0103 nu te faci c\u0103 nu vezi \u0219i s\u0103 \u00een\u021belegi c\u0103 sunt oameni care muncesc din greu \u0219i care, uneori, simt c\u0103 efortul lor nu mai este de ajuns<\/strong>\u201d, a afirmat parlamentarul, eviden\u021biind importan\u021ba con\u0219tientiz\u0103rii acestor realit\u0103\u021bi.<\/p>\n<p>Deputatul PSD a accentuat c\u0103 respectul pentru munc\u0103 nu ar trebui s\u0103 fie restr\u00e2ns la celebrarea simbolic\u0103 a Zilei Muncii, ci s\u0103 se reflecte \u00een decizii politice \u0219i administrative concrete.<\/p>\n<p>\u00cen viziunea sa, o societate s\u0103n\u0103toas\u0103 func\u021bioneaz\u0103 pe baza corectitudinii, decen\u021bei \u0219i a unor politici publice care prioritizeaz\u0103 oamenii \u00een fa\u021ba intereselor economice.<\/p>\n<p><a href=\"https:\/\/www.mediafax.ro\/politic\/fifor-il-acuza-pe-bolojan-ca-mentine-o-criza-politica-un-lider-care-cu-buna-stiinta-vulnerabilizeaza-tara-23727611\">Fifor<\/a> a subliniat importan\u021ba de a trata cu seriozitate fiecare angajat care \u00ee\u0219i desf\u0103\u0219oar\u0103 activitatea \u201ecinstit \u0219i responsabil\u201d.<\/p>\n<p>\u00cen mesajul s\u0103u transmis din Arad, politicianul a vorbit despre ceea ce a denumit \u201eRom\u00e2nia real\u0103\u201d, format\u0103 din oameni care muncesc zi de zi \u0219i care nu cer privilegii, ci stabilitate, corectitudine \u0219i oportunitatea unei vie\u021bi mai bune.<\/p>\n<p>Acesta a men\u021bionat c\u0103 vocea acestor oameni trebuie auzit\u0103 \u0219i \u00een\u021beleas\u0103, deoarece ei constituie baza dezvolt\u0103rii economice \u0219i sociale a \u021b\u0103rii.<\/p>\n<p>Mihai Fifor a concluzionat c\u0103 Ziua Muncii ar trebui s\u0103 reprezinte un moment de reflec\u021bie asupra responsabilit\u0103\u021bii liderilor politici de a elabora politici corecte \u0219i sustenabile.<\/p>\n<p>\u201e<strong>1 Mai nu trebuie s\u0103 fie despre lozinci, ci despre respect \u0219i solidaritate<\/strong>\u201d, a subliniat acesta, pled\u00e2nd pentru decizii luate cu onestitate \u0219i responsabilitate fa\u021b\u0103 de cet\u0103\u021beni.<\/p>\n<p>\u00cen alt\u0103 ordine de idei, PSD, AUR \u0219i PACE au ini\u021biat o mo\u021biune de cenzur\u0103, care a fost citit\u0103 miercuri \u00een plenul reunit al Camerei Deputa\u021bilor \u0219i Senatului. Aceast\u0103 mo\u021biune, semnat\u0103 de 253 de parlamentari, va fi votat\u0103 pe 5 mai.<\/p>\n","protected":false},"excerpt":{"rendered":"<p>\u00centr-un mesaj postat pe re\u021belele sociale, liderul social-democrat a subliniat necesitatea de a readuce semnifica\u021bia zilei de 1 Mai la valorile sale fundamentale: respectul pentru munc\u0103 \u0219i responsabilitatea fa\u021b\u0103 de oameni. Conform acestuia, solidaritatea social\u0103 implic\u0103 o implicare real\u0103 \u0219i o aten\u021bie deosebit\u0103 fa\u021b\u0103 de provoc\u0103rile cu care se confrunt\u0103 rom\u00e2nii care muncesc din greu [&hellip;]<\/p>\n","protected":false},"author":2,"featured_media":16962,"comment_status":"open","ping_status":"open","sticky":false,"template":"","format":"standard","meta":{"jnews-multi-image_gallery":[],"jnews_single_post":[],"jnews_primary_category":[],"jnews_override_counter":[],"footnotes":""},"categories":[42],"tags":[19029,1979,3049,3599,1048,319,523,19207],"class_list":["post-16961","post","type-post","status-publish","format-standard","has-post-thumbnail","hentry","category-politica","tag-1-mai","tag-constientizare","tag-munca","tag-politici-publice","tag-respect","tag-responsabilitate","tag-romani","tag-solidaritate-sociala"],"_links":{"self":[{"href":"https:\/\/www.newsrecorder.ro\/app\/wp-json\/wp\/v2\/posts\/16961","targetHints":{"allow":["GET"]}}],"collection":[{"href":"https:\/\/www.newsrecorder.ro\/app\/wp-json\/wp\/v2\/posts"}],"about":[{"href":"https:\/\/www.newsrecorder.ro\/app\/wp-json\/wp\/v2\/types\/post"}],"author":[{"embeddable":true,"href":"https:\/\/www.newsrecorder.ro\/app\/wp-json\/wp\/v2\/users\/2"}],"replies":[{"embeddable":true,"href":"https:\/\/www.newsrecorder.ro\/app\/wp-json\/wp\/v2\/comments?post=16961"}],"version-history":[{"count":0,"href":"https:\/\/www.newsrecorder.ro\/app\/wp-json\/wp\/v2\/posts\/16961\/revisions"}],"wp:featuredmedia":[{"embeddable":true,"href":"https:\/\/www.newsrecorder.ro\/app\/wp-json\/wp\/v2\/media\/16962"}],"wp:attachment":[{"href":"https:\/\/www.newsrecorder.ro\/app\/wp-json\/wp\/v2\/media?parent=16961"}],"wp:term":[{"taxonomy":"category","embeddable":true,"href":"https:\/\/www.newsrecorder.ro\/app\/wp-json\/wp\/v2\/categories?post=16961"},{"taxonomy":"post_tag","embeddable":true,"href":"https:\/\/www.newsrecorder.ro\/app\/wp-json\/wp\/v2\/tags?post=16961"}],"curies":[{"name":"wp","href":"https:\/\/api.w.org\/{rel}","templated":true}]}}