{"id":16965,"date":"2026-05-01T13:09:52","date_gmt":"2026-05-01T13:09:52","guid":{"rendered":"https:\/\/www.newsrecorder.ro\/app\/2026\/05\/01\/bolojan-incendiul-din-soveja-un-avertisment-pentru-intreaga-romanie\/"},"modified":"2026-05-01T13:09:52","modified_gmt":"2026-05-01T13:09:52","slug":"bolojan-incendiul-din-soveja-un-avertisment-pentru-intreaga-romanie","status":"publish","type":"post","link":"https:\/\/www.newsrecorder.ro\/app\/2026\/05\/01\/bolojan-incendiul-din-soveja-un-avertisment-pentru-intreaga-romanie\/","title":{"rendered":"Bolojan: Incendiul din Soveja, un avertisment pentru \u00eentreaga Rom\u00e2nie!"},"content":{"rendered":"<p><em>\u201eEvenimentele recente din jude\u021bul Suceava \u0219i incendiul devastator din Soveja sunt situa\u021bii care, din p\u0103cate, pot ap\u0103rea \u00een multe comunit\u0103\u021bi din Rom\u00e2nia \u00een anii urm\u0103tori\u201d<\/em>, a afirmat premierul Bolojan. <\/p>\n<p>El a subliniat c\u0103 una dintre responsabilit\u0103\u021bile guvernului este de a-i determina pe cet\u0103\u021beni s\u0103 con\u0219tientizeze importan\u021ba <strong>asigur\u0103rii locuin\u021belor<\/strong>, un demers esen\u021bial \u0219i benefic.<\/p>\n<p>Bolojan a explicat c\u0103, \u00een cadrul celor dou\u0103 aloc\u0103ri de ajutoare pentru Suceava \u0219i Vrancea, s-a respectat principiul conform c\u0103ruia <em>\u201eto\u021bi cei care aveau asigur\u0103rile \u00een regul\u0103 au primit suma necesar\u0103 pentru a-\u0219i acoperi integral pagubele, indiferent de limita asigur\u0103rii. Cei cu asigur\u0103ri obligatorii au beneficiat de un bonus suplimentar, care a fost majorat, \u00een cazul \u00een care aveau \u0219i autoriza\u021bie de construire valabil\u0103\u201d<\/em>.<\/p>\n<p>Premierul a ad\u0103ugat c\u0103 <em>\u201erespectarea legisla\u021biei \u0219i asigur\u0103rile sunt elemente fundamentale pentru a-\u021bi proteja locuin\u021ba \u00een cazul unor evenimente naturale neprev\u0103zute, care nu sunt imputabile nici proprietarului, nici autorit\u0103\u021bilor\u201d<\/em>.<\/p>\n<p>\u00cen contextul incendiului din satul Ruc\u0103reni, comuna Soveja, jude\u021bul Vrancea, este important de men\u021bionat c\u0103 persoanele afectate vor beneficia de ajutoare <a href=\"https:\/\/www.mediafax.ro\/stirile-zilei\/ioana-dogioiu-anunta-ajutoare-de-1-milion-de-lei-pentru-persoanele-afectate-de-incendiul-din-vrancea-23728694\" target=\"_blank\" rel=\"noopener\"><strong>\u00een cuantum de 1 milion de lei.<\/strong><\/a> Incidentul a afectat un num\u0103r de 32 de locuin\u021be.<\/p>\n<p>Referitor la inunda\u021biile din Suceava din aceast\u0103 var\u0103, care au avut un impact semnificativ asupra jude\u021belor Neam\u021b \u0219i Suceava, cet\u0103\u021benii au primit <a href=\"https:\/\/www.mediafax.ro\/economic\/ajutoare-pentru-persoanele-ale-caror-case-au-fost-distruse-de-inundatiile-din-suceava-si-neamt-sprijinul-de-pana-la-30-000-de-lei-23589165\" target=\"_blank\" rel=\"noopener\">ajutoare<\/a> pentru locuin\u021bele afectate. De asemenea, Ilie Bolojan a men\u021bionat c\u0103 guvernele pot lua \u00een considerare sprijin suplimentar pentru restul lucr\u0103rilor necesare \u00een urma inunda\u021biilor.<\/p>\n<p><em>\u201eGuvernul Rom\u00e2niei a oferit ajutoare pentru aceste localit\u0103\u021bi, inclusiv un ajutor de urgen\u021b\u0103 pentru cet\u0103\u021benii afecta\u021bi \u0219i ajutoare directe pentru autorit\u0103\u021bile responsabile de drumurile \u0219i re\u021belele afectate. \u00cen perioada urm\u0103toare, pe baza evalu\u0103rilor privind refacerea infrastructurii distruse, guvernele pot lua \u00een calcul acordarea de sprijin suplimentar\u201d<\/em>, a concluzionat Ilie Bolojan.<\/p>\n","protected":false},"excerpt":{"rendered":"<p>\u201eEvenimentele recente din jude\u021bul Suceava \u0219i incendiul devastator din Soveja sunt situa\u021bii care, din p\u0103cate, pot ap\u0103rea \u00een multe comunit\u0103\u021bi din Rom\u00e2nia \u00een anii urm\u0103tori\u201d, a afirmat premierul Bolojan. El a subliniat c\u0103 una dintre responsabilit\u0103\u021bile guvernului este de a-i determina pe cet\u0103\u021beni s\u0103 con\u0219tientizeze importan\u021ba asigur\u0103rii locuin\u021belor, un demers esen\u021bial \u0219i benefic. Bolojan a [&hellip;]<\/p>\n","protected":false},"author":2,"featured_media":16966,"comment_status":"open","ping_status":"open","sticky":false,"template":"","format":"standard","meta":{"jnews-multi-image_gallery":[],"jnews_single_post":[],"jnews_primary_category":[],"jnews_override_counter":[],"footnotes":""},"categories":[39],"tags":[929,1298,689,2336,1013,319,1945,3719],"class_list":["post-16965","post","type-post","status-publish","format-standard","has-post-thumbnail","hentry","category-stirile-zilei","tag-asigurari","tag-bolojan","tag-incendiu","tag-locuinte","tag-pagube","tag-responsabilitate","tag-suceava","tag-vrancea"],"_links":{"self":[{"href":"https:\/\/www.newsrecorder.ro\/app\/wp-json\/wp\/v2\/posts\/16965","targetHints":{"allow":["GET"]}}],"collection":[{"href":"https:\/\/www.newsrecorder.ro\/app\/wp-json\/wp\/v2\/posts"}],"about":[{"href":"https:\/\/www.newsrecorder.ro\/app\/wp-json\/wp\/v2\/types\/post"}],"author":[{"embeddable":true,"href":"https:\/\/www.newsrecorder.ro\/app\/wp-json\/wp\/v2\/users\/2"}],"replies":[{"embeddable":true,"href":"https:\/\/www.newsrecorder.ro\/app\/wp-json\/wp\/v2\/comments?post=16965"}],"version-history":[{"count":0,"href":"https:\/\/www.newsrecorder.ro\/app\/wp-json\/wp\/v2\/posts\/16965\/revisions"}],"wp:featuredmedia":[{"embeddable":true,"href":"https:\/\/www.newsrecorder.ro\/app\/wp-json\/wp\/v2\/media\/16966"}],"wp:attachment":[{"href":"https:\/\/www.newsrecorder.ro\/app\/wp-json\/wp\/v2\/media?parent=16965"}],"wp:term":[{"taxonomy":"category","embeddable":true,"href":"https:\/\/www.newsrecorder.ro\/app\/wp-json\/wp\/v2\/categories?post=16965"},{"taxonomy":"post_tag","embeddable":true,"href":"https:\/\/www.newsrecorder.ro\/app\/wp-json\/wp\/v2\/tags?post=16965"}],"curies":[{"name":"wp","href":"https:\/\/api.w.org\/{rel}","templated":true}]}}