{"id":16969,"date":"2026-05-01T13:10:35","date_gmt":"2026-05-01T13:10:35","guid":{"rendered":"https:\/\/www.newsrecorder.ro\/app\/2026\/05\/01\/ue-blocheaza-fondurile-pentru-serbia-marta-kos-avertizeaza-despre-regres\/"},"modified":"2026-05-01T13:10:35","modified_gmt":"2026-05-01T13:10:35","slug":"ue-blocheaza-fondurile-pentru-serbia-marta-kos-avertizeaza-despre-regres","status":"publish","type":"post","link":"https:\/\/www.newsrecorder.ro\/app\/2026\/05\/01\/ue-blocheaza-fondurile-pentru-serbia-marta-kos-avertizeaza-despre-regres\/","title":{"rendered":"UE blocheaz\u0103 fondurile pentru Serbia: Marta Kos avertizeaz\u0103 despre regres"},"content":{"rendered":"<p>Comisarul european pentru extindere, Marta Kos, a f\u0103cut un anun\u021b important joi seara, \u00een cadrul unei conferin\u021be desf\u0103\u0219urate \u00een Elve\u021bia: Uniunea European\u0103 a decis s\u0103 \u00eenghe\u021be fondurile destinate Serbiei din cadrul Planului de cre\u0219tere.<\/p>\n<p>Decizia a fost luat\u0103 \u00een urma adopt\u0103rii recente de c\u0103tre parlamentul s\u00e2rbeasc\u0103 a unor reforme judiciare, f\u0103r\u0103 consultarea prealabil\u0103 a procurorilor, judec\u0103torilor, Uniunii Europene sau altor organisme de specialitate, conform informa\u021biilor publicate de <a style=\"color: #0000ff\" href=\"https:\/\/www.kyivpost.com\/post\/75189\" target=\"_blank\" rel=\"noopener\">Kyiv Post<\/a>, care citeaz\u0103 AFP.<\/p>\n<p>\u201eAst\u0103zi, Serbia se afl\u0103 \u00eentr-o stare de polarizare accentuat\u0103, \u00een ciuda faptului c\u0103 este candidat\u0103 la aderarea la UE de mai bine de un deceniu. Din p\u0103cate, observ\u0103m o regresie, \u00een special \u00een ceea ce prive\u0219te valorile fundamentale, cum ar fi statul de drept, democra\u021bia, libertatea de exprimare \u0219i, mai ales, libertatea presei. Serbia are un viitor \u00een Uniunea European\u0103, dar este esen\u021bial s\u0103 invers\u0103m acest curs, lucru care trebuie s\u0103 se reflecte \u0219i \u00een ac\u021biunile politicienilor s\u0103i\u201d, a declarat Marta Kos \u00een cadrul <a style=\"color: #0000ff\" href=\"https:\/\/audiovisual.ec.europa.eu\/en\/media\/video\/I-288532\" target=\"_blank\" rel=\"noopener\">conferin\u021bei de pres\u0103<\/a>.<\/p>\n<p>Referitor la situa\u021bia din Serbia, Kos a explicat: \u201eAm suspendat toate pl\u0103\u021bile din Planul de cre\u0219tere, deoarece s-a \u00eenregistrat un regres \u00een domeniul justi\u021biei. P\u00e2n\u0103 c\u00e2nd aceast\u0103 problem\u0103 nu va fi remediat\u0103, Serbia nu va putea beneficia de sprijin financiar european.\u201d<\/p>\n<p>Conform <a style=\"color: #0000ff\" href=\"https:\/\/www.kyivpost.com\/post\/75189\" target=\"_blank\" rel=\"noopener\">Kyiv Post<\/a>, Planul de cre\u0219tere se axeaz\u0103 pe \u0219ase \u021b\u0103ri din Balcanii de Vest, inclusiv Serbia, av\u00e2nd un buget total de 6 miliarde de euro pentru perioada 2024-2027. Scopul acestuia este stimularea economiilor \u0219i accelerarea integr\u0103rii acestor \u021b\u0103ri cu Uniunea European\u0103.<\/p>\n<p>Este important de men\u021bionat c\u0103 accesul la aceste fonduri este condi\u021bionat de implementarea unor reforme, \u00een special \u00een ceea ce prive\u0219te asigurarea independen\u021bei sistemului judiciar \u0219i combaterea corup\u021biei.<\/p>\n","protected":false},"excerpt":{"rendered":"<p>Comisarul european pentru extindere, Marta Kos, a f\u0103cut un anun\u021b important joi seara, \u00een cadrul unei conferin\u021be desf\u0103\u0219urate \u00een Elve\u021bia: Uniunea European\u0103 a decis s\u0103 \u00eenghe\u021be fondurile destinate Serbiei din cadrul Planului de cre\u0219tere. Decizia a fost luat\u0103 \u00een urma adopt\u0103rii recente de c\u0103tre parlamentul s\u00e2rbeasc\u0103 a unor reforme judiciare, f\u0103r\u0103 consultarea prealabil\u0103 a procurorilor, [&hellip;]<\/p>\n","protected":false},"author":2,"featured_media":16970,"comment_status":"open","ping_status":"open","sticky":false,"template":"","format":"standard","meta":{"jnews-multi-image_gallery":[],"jnews_single_post":[],"jnews_primary_category":[],"jnews_override_counter":[],"footnotes":""},"categories":[39],"tags":[288,2731,18389,8985,19213,7638,4416,321],"class_list":["post-16969","post","type-post","status-publish","format-standard","has-post-thumbnail","hentry","category-stirile-zilei","tag-democratie","tag-fonduri","tag-libertatea-presei","tag-polarizare","tag-reforme-judiciare","tag-serbia","tag-stat-de-drept","tag-uniunea-europeana"],"_links":{"self":[{"href":"https:\/\/www.newsrecorder.ro\/app\/wp-json\/wp\/v2\/posts\/16969","targetHints":{"allow":["GET"]}}],"collection":[{"href":"https:\/\/www.newsrecorder.ro\/app\/wp-json\/wp\/v2\/posts"}],"about":[{"href":"https:\/\/www.newsrecorder.ro\/app\/wp-json\/wp\/v2\/types\/post"}],"author":[{"embeddable":true,"href":"https:\/\/www.newsrecorder.ro\/app\/wp-json\/wp\/v2\/users\/2"}],"replies":[{"embeddable":true,"href":"https:\/\/www.newsrecorder.ro\/app\/wp-json\/wp\/v2\/comments?post=16969"}],"version-history":[{"count":0,"href":"https:\/\/www.newsrecorder.ro\/app\/wp-json\/wp\/v2\/posts\/16969\/revisions"}],"wp:featuredmedia":[{"embeddable":true,"href":"https:\/\/www.newsrecorder.ro\/app\/wp-json\/wp\/v2\/media\/16970"}],"wp:attachment":[{"href":"https:\/\/www.newsrecorder.ro\/app\/wp-json\/wp\/v2\/media?parent=16969"}],"wp:term":[{"taxonomy":"category","embeddable":true,"href":"https:\/\/www.newsrecorder.ro\/app\/wp-json\/wp\/v2\/categories?post=16969"},{"taxonomy":"post_tag","embeddable":true,"href":"https:\/\/www.newsrecorder.ro\/app\/wp-json\/wp\/v2\/tags?post=16969"}],"curies":[{"name":"wp","href":"https:\/\/api.w.org\/{rel}","templated":true}]}}