{"id":16971,"date":"2026-05-01T13:11:09","date_gmt":"2026-05-01T13:11:09","guid":{"rendered":"https:\/\/www.newsrecorder.ro\/app\/2026\/05\/01\/ue-in-pericol-jumatate-din-exporturile-siderurgice-ar-putea-fi-taxate-de-sua\/"},"modified":"2026-05-01T13:11:09","modified_gmt":"2026-05-01T13:11:09","slug":"ue-in-pericol-jumatate-din-exporturile-siderurgice-ar-putea-fi-taxate-de-sua","status":"publish","type":"post","link":"https:\/\/www.newsrecorder.ro\/app\/2026\/05\/01\/ue-in-pericol-jumatate-din-exporturile-siderurgice-ar-putea-fi-taxate-de-sua\/","title":{"rendered":"UE \u00een pericol: jum\u0103tate din exporturile siderurgice ar putea fi taxate de SUA!"},"content":{"rendered":"<p>Aproape jum\u0103tate din exporturile Uniunii Europene care includ o\u021bel \u0219i aluminiu se confrunt\u0103 cu riscul de a fi supuse unor taxe vamale mai mari impuse de Statele Unite, conform unei evalu\u0103ri preliminare realizate de Comisia European\u0103 \u0219i divulgate de <strong><a style=\"color: #0000ff\" href=\"https:\/\/www.politico.eu\/article\/nearly-half-eu-metals-exports-risk-higher-us-tariffs\/\">Politico<\/a><\/strong>. Aceast\u0103 revizuire tarifar\u0103 face parte din m\u0103surile anun\u021bate de pre\u0219edintele Donald Trump.<\/p>\n<p>La \u00eenceputul lunii aprilie, administra\u021bia Trump a reorganizat taxele vamale pentru o\u021bel, aluminiu \u0219i cupru, baz\u00e2ndu-le pe valoarea total\u0103 a produselor, \u00een loc de con\u021binutul lor metalic. Aceast\u0103 nou\u0103 abordare a redus valoarea total\u0103 a exporturilor UE afectate de tarife la aproximativ 52 de miliarde de euro anual, \u00een compara\u021bie cu 67 de miliarde de euro, conform oficialilor europeni cita\u021bi de POLITICO.<\/p>\n<p>Din aceast\u0103 sum\u0103 redus\u0103, exporturile de aproximativ 23 de miliarde de euro sunt considerate un \u201egrup mixt\u201d, av\u00e2nd poten\u021bialul de a suferi cre\u0219teri ale tarifelor conform noilor reglement\u0103ri, afirm\u0103 oficialii.<\/p>\n<p>Revizuirea tarifelor a fost generat\u0103 de o <a href=\"https:\/\/archive.ph\/o\/yClOx\/https:\/\/www.politico.com\/news\/2026\/02\/20\/trump-tariffs-supreme-court-ruling-00790687\" target=\"_blank\" rel=\"noopener\">hot\u0103r\u00e2re a Cur\u021bii Supreme<\/a> din februarie, care a anulat tarifele \u201ereciproce\u201d ini\u021biale impuse de Trump, determin\u00e2nd astfel Washingtonul s\u0103 caute alte modalit\u0103\u021bi de a men\u021bine presiunea asupra partenerilor s\u0103i comerciali.<\/p>\n<p>Aceste taxe sunt aplicate \u00een baza Sec\u021biunii 232 din Legea privind extinderea comer\u021bului din 1962, care permite impunerea de tarife dac\u0103 importurile amenin\u021b\u0103 securitatea na\u021bional\u0103. Aceste reglement\u0103ri nu au fost afectate de decizia Cur\u021bii Supreme.<\/p>\n<p>Administra\u021bia Trump a revizuit structura tarifar\u0103 dup\u0103 ce oficiali \u0219i grupuri de afaceri americane au semnalat dificult\u0103\u021bi \u00een evaluarea con\u021binutului de metale al produselor derivate, lista acestora fiind extins\u0103 cu peste 400 de coduri de produs \u00een luna august a anului trecut.<\/p>\n<p>\u00cen prezent, Statele Unite impun o tax\u0103 vamal\u0103 de 50% pentru importurile de o\u021bel \u0219i aluminiu. Comisia European\u0103 a \u00eencercat s\u0103 <a href=\"https:\/\/archive.ph\/o\/yClOx\/https:\/\/www.politico.eu\/article\/text-messages-trade-czar-maros-sefcovic-reveal-concerns-over-eu-us-deal\/\" target=\"_blank\" rel=\"noopener\">exclud\u0103 complet produsele siderurgice de la taxe<\/a> sau s\u0103 reduc\u0103 rata aplicabil\u0103 la 15%, conform unui plafon tarifar stabilit \u00eentr-un <a href=\"https:\/\/archive.ph\/o\/yClOx\/https:\/\/www.politico.eu\/article\/us-and-eu-strike-trade-deal\/\" target=\"_blank\" rel=\"noopener\">acord comercial<\/a> \u00eencheiat \u00een iulie anul trecut la complexul de golf al lui Trump din Turnberry, Sco\u021bia.<\/p>\n<p>Maro\u0161 \u0160ef\u010dovi\u010d, comisarul pentru comer\u021b, a discutat aceste probleme la Washington cu omologii s\u0103i americani, inclusiv cu Jamieson Greer, reprezentantul pentru comer\u021b. Dup\u0103 \u00eent\u00e2lnire, \u0160ef\u010dovi\u010d a exprimat optimism, afirm\u00e2nd c\u0103 a fost asigurat de ambasadorul Greer \u0219i de ceilal\u021bi interlocutori c\u0103 un acord este benefic pentru ambele p\u0103r\u021bi.<\/p>\n<p>Acordul transatlantic nu a fost \u00eenc\u0103 implementat, institu\u021biile Uniunii Europene fiind \u00een continuare \u00een negocieri pentru finalizarea legisla\u021biei necesare.<\/p>\n<p>\u00cen evaluarea sa preliminar\u0103, Comisia European\u0103 a constatat c\u0103 din cele 52 de miliarde de euro de produse UE vizate de decizia lui Trump, 28,3 miliarde de euro vor beneficia de tarife reduse. Acestea includ produse \u00een valoare de 17,6 miliarde de euro care au fost complet scoase de pe lista tarifar\u0103 \u0219i 10,7 miliarde de euro care sunt supuse plafonului tarifar de 15%.<\/p>\n<p>Astfel, peste 23 de miliarde de euro \u00een exporturi nu beneficiaz\u0103 de scutiri \u0219i vor suporta tarife mai mari dec\u00e2t anterior. Noua structur\u0103 tarifar\u0103 a lui Trump prevede trei niveluri: un tarif de 50% pentru o\u021belul brut, aluminiu, cupru \u0219i produsele fabricate integral din aceste metale, o tax\u0103 fix\u0103 de 25% pentru produsele \u201ederivate\u201d care con\u021bin \u00een mare parte metale \u0219i o tax\u0103 de 10% pentru produsele fabricate \u00een str\u0103in\u0103tate ce includ metale de origine american\u0103.<\/p>\n<p>Produsele cu un con\u021binut de metal mai mic de 15% vor fi exceptate de la tarifele impuse prin Sec\u021biunea 232. Un oficial al Casei Albe a declarat c\u0103 administra\u021bia Trump urm\u0103re\u0219te o strategie flexibil\u0103 pentru a revitaliza produc\u021bia esen\u021bial\u0103 \u00een Statele Unite, inclusiv ajust\u0103ri tarifare pentru a combate evaziunea fiscal\u0103 \u0219i a stimula capacitatea de produc\u021bie a o\u021belului \u0219i aluminiului.<\/p>\n<p>Modific\u0103rile au intrat \u00een vigoare pe 6 aprilie, la doar patru zile dup\u0103 semnarea ordinului executiv de c\u0103tre Trump, oferind astfel un timp limitat pentru exportatori \u0219i func\u021bionari vamali de ambele p\u0103r\u021bi ale Atlanticului s\u0103 se adapteze.<\/p>\n<p>Impunerea unor tarife mai mari asupra unei p\u0103r\u021bi semnificative a exporturilor UE a generat \u00eengrijor\u0103ri suplimentare la Bruxelles. \u021a\u0103rile membre ale UE, legislatorii \u0219i Comisia sunt deja \u00een dezacord cu privire la posibilitatea de a ad\u0103uga garan\u021bii suplimentare acordului de la Turnberry, \u00een contextul declara\u021biilor controversate f\u0103cute de Trump.<\/p>\n<p>Parlamentarii europeni, <a href=\"https:\/\/archive.ph\/o\/yClOx\/https:\/\/www.politico.eu\/article\/france-call-for-caution-eu-us-trade-deal\/\" target=\"_blank\" rel=\"noopener\">sus\u021binu\u021bi de Fran\u021ba<\/a>, propun o clauz\u0103 de tip \u201er\u0103s\u0103rit de soare\u201d care ar am\u00e2na implementarea acordului p\u00e2n\u0103 la reducerea tarifelor americane pentru produsele din o\u021bel \u0219i aluminiu.<\/p>\n<p>Bernd Lange, pre\u0219edintele comisiei pentru comer\u021b a Parlamentului European, a declarat c\u0103 anun\u021bul lui Trump din 2 aprilie \u201enu \u00eendepline\u0219te a\u0219tept\u0103rile Parlamentului European\u201d, subliniind c\u0103 aceste produse nu ar trebui s\u0103 fie supuse unor taxe mai mari de 15%, conform acordului cu Sco\u021bia.<\/p>\n<p>Un oficial de la Casa Alb\u0103 a reafirmat c\u0103 relocarea produc\u021biei \u00een Statele Unite este un obiectiv central al politicii comerciale \u201eAmerica First\u201d a lui Trump, fiind \u00een centrul tuturor negocierilor cu partenerii comerciali, inclusiv Uniunea European\u0103, \u021bar\u0103 cu care se \u00eenregistreaz\u0103 cel mai mare deficit comercial.<\/p>\n","protected":false},"excerpt":{"rendered":"<p>Aproape jum\u0103tate din exporturile Uniunii Europene care includ o\u021bel \u0219i aluminiu se confrunt\u0103 cu riscul de a fi supuse unor taxe vamale mai mari impuse de Statele Unite, conform unei evalu\u0103ri preliminare realizate de Comisia European\u0103 \u0219i divulgate de Politico. Aceast\u0103 revizuire tarifar\u0103 face parte din m\u0103surile anun\u021bate de pre\u0219edintele Donald Trump. La \u00eenceputul lunii [&hellip;]<\/p>\n","protected":false},"author":2,"featured_media":16972,"comment_status":"open","ping_status":"open","sticky":false,"template":"","format":"standard","meta":{"jnews-multi-image_gallery":[],"jnews_single_post":[],"jnews_primary_category":[],"jnews_override_counter":[],"footnotes":""},"categories":[39],"tags":[8553,12197,19214,469,18410,680,325,321],"class_list":["post-16971","post","type-post","status-publish","format-standard","has-post-thumbnail","hentry","category-stirile-zilei","tag-aluminiu","tag-dona-trump","tag-evaluare-preliminara","tag-exporturi","tag-otel","tag-statele-unite","tag-taxe-vamale","tag-uniunea-europeana"],"_links":{"self":[{"href":"https:\/\/www.newsrecorder.ro\/app\/wp-json\/wp\/v2\/posts\/16971","targetHints":{"allow":["GET"]}}],"collection":[{"href":"https:\/\/www.newsrecorder.ro\/app\/wp-json\/wp\/v2\/posts"}],"about":[{"href":"https:\/\/www.newsrecorder.ro\/app\/wp-json\/wp\/v2\/types\/post"}],"author":[{"embeddable":true,"href":"https:\/\/www.newsrecorder.ro\/app\/wp-json\/wp\/v2\/users\/2"}],"replies":[{"embeddable":true,"href":"https:\/\/www.newsrecorder.ro\/app\/wp-json\/wp\/v2\/comments?post=16971"}],"version-history":[{"count":0,"href":"https:\/\/www.newsrecorder.ro\/app\/wp-json\/wp\/v2\/posts\/16971\/revisions"}],"wp:featuredmedia":[{"embeddable":true,"href":"https:\/\/www.newsrecorder.ro\/app\/wp-json\/wp\/v2\/media\/16972"}],"wp:attachment":[{"href":"https:\/\/www.newsrecorder.ro\/app\/wp-json\/wp\/v2\/media?parent=16971"}],"wp:term":[{"taxonomy":"category","embeddable":true,"href":"https:\/\/www.newsrecorder.ro\/app\/wp-json\/wp\/v2\/categories?post=16971"},{"taxonomy":"post_tag","embeddable":true,"href":"https:\/\/www.newsrecorder.ro\/app\/wp-json\/wp\/v2\/tags?post=16971"}],"curies":[{"name":"wp","href":"https:\/\/api.w.org\/{rel}","templated":true}]}}