{"id":16973,"date":"2026-05-01T13:11:26","date_gmt":"2026-05-01T13:11:26","guid":{"rendered":"https:\/\/www.newsrecorder.ro\/app\/2026\/05\/01\/raluca-turcan-1-mai-aduce-prioritati-pentru-munca-si-taxe-reduse\/"},"modified":"2026-05-01T13:11:26","modified_gmt":"2026-05-01T13:11:26","slug":"raluca-turcan-1-mai-aduce-prioritati-pentru-munca-si-taxe-reduse","status":"publish","type":"post","link":"https:\/\/www.newsrecorder.ro\/app\/2026\/05\/01\/raluca-turcan-1-mai-aduce-prioritati-pentru-munca-si-taxe-reduse\/","title":{"rendered":"Raluca Turcan: 1 Mai aduce priorit\u0103\u021bi pentru munc\u0103 \u0219i taxe reduse!"},"content":{"rendered":"<p>Raluca Turcan a subliniat recent impactul pozitiv pe care aderarea Rom\u00e2niei la Uniunea European\u0103 l-a avut asupra pie\u021bei muncii. Aceasta a declarat c\u0103, dup\u0103 integrarea \u00een UE, \u021bara noastr\u0103 a \u00eenregistrat o dezvoltare rapid\u0103 a pie\u021bei muncii, ceea ce s-a tradus printr-o cre\u0219tere semnificativ\u0103 a c\u00e2\u0219tigurilor salariale. Astfel, c\u00e2\u0219tigul salarial mediu net a ajuns la peste 5.500 lei \u00een anul 2026, fa\u021b\u0103 de aproximativ 866 lei \u00een momentul ader\u0103rii, pe 1 ianuarie 2007. De asemenea, Rom\u00e2nia a fost martora uneia dintre cele mai rapide cre\u0219teri ale venitului real pe cap de locuitor. Aderarea la UE a deschis u\u0219i c\u0103tre mii de oportunit\u0103\u021bi, at\u00e2t pe plan intern, c\u00e2t \u0219i \u00een cadrul comunit\u0103\u021bii europene, iar dezvoltarea internetului a contribuit la flexibilizarea pie\u021bei muncii, oferind perspective noi pentru angaja\u021bi \u0219i angajatori, a subliniat Turcan \u00eentr-un mesaj publicat pe Facebook.<\/p>\n<p>Cu toate acestea, Turcan a eviden\u021biat \u0219i provoc\u0103rile cu care se confrunt\u0103 pia\u021ba muncii din Rom\u00e2nia. Printre acestea se num\u0103r\u0103 productivitatea sc\u0103zut\u0103 comparativ cu media european\u0103 \u0219i nivelul ridicat al s\u0103r\u0103ciei \u00een r\u00e2ndul angaja\u021bilor. Aceasta a men\u021bionat c\u0103 productivitatea muncii \u00een Rom\u00e2nia se situeaz\u0103 semnificativ sub media Uniunii Europene, cu aproximativ 18-20 euro\/or\u0103, \u00een timp ce la nivel european aceasta atinge 45\u201348 euro\/or\u0103. \u00cen plus, s\u0103r\u0103cia \u00een munc\u0103 r\u0103m\u00e2ne o problem\u0103 serioas\u0103, afect\u00e2nd aproximativ 14\u201315% dintre angaja\u021bi, comparativ cu 9\u201310% \u00een UE. Turcan a subliniat, de asemenea, c\u0103 povara fiscal\u0103 pe munc\u0103 este \u00een continuare extrem de ridicat\u0103, angaja\u021bii primind \u00een m\u00e2n\u0103 doar 58\u201359% din salariul brut.<\/p>\n<p>\u00cen \u00eencercarea de a aborda aceste probleme, Turcan a propus o serie de reforme, printre care se num\u0103r\u0103 reducerea tax\u0103rii muncii \u0219i flexibilizarea pie\u021bei. \u201eConsider c\u0103 formele noi de lucru pe care le-am propus sunt mai relevante ca niciodat\u0103\u201d, a declarat ea. Printre propunerile sale se num\u0103r\u0103 eliminarea supraimpozit\u0103rii contractelor part-time, o m\u0103sur\u0103 care, conform afirma\u021biilor sale, a dus la cre\u0219terea costurilor pentru angajatori \u0219i la dispari\u021bia a zeci de mii de astfel de contracte de pe pia\u021b\u0103. Alte dou\u0103 propuneri sunt contractul la cerere \u0219i contractul cu mai mul\u021bi angajatori, care sunt considerate instrumente moderne pentru o pia\u021b\u0103 a muncii flexibil\u0103. Contractul la cerere r\u0103spunde necesit\u0103\u021bii de activit\u0103\u021bi intermitente, \u00een timp ce contractul cu mai mul\u021bi angajatori reduce birocra\u021bia \u0219i cre\u0219te mobilitatea. Ambele propuneri au poten\u021bialul de a combate munca la negru \u0219i de a atrage \u00een pia\u021ba muncii categorii care necesit\u0103 program flexibil, a concluzionat deputatul.<\/p>\n","protected":false},"excerpt":{"rendered":"<p>Raluca Turcan a subliniat recent impactul pozitiv pe care aderarea Rom\u00e2niei la Uniunea European\u0103 l-a avut asupra pie\u021bei muncii. Aceasta a declarat c\u0103, dup\u0103 integrarea \u00een UE, \u021bara noastr\u0103 a \u00eenregistrat o dezvoltare rapid\u0103 a pie\u021bei muncii, ceea ce s-a tradus printr-o cre\u0219tere semnificativ\u0103 a c\u00e2\u0219tigurilor salariale. Astfel, c\u00e2\u0219tigul salarial mediu net a ajuns la [&hellip;]<\/p>\n","protected":false},"author":2,"featured_media":16974,"comment_status":"open","ping_status":"open","sticky":false,"template":"","format":"standard","meta":{"jnews-multi-image_gallery":[],"jnews_single_post":[],"jnews_primary_category":[],"jnews_override_counter":[],"footnotes":""},"categories":[39],"tags":[19215,1075,19217,176,5571,211,321,19216],"class_list":["post-16973","post","type-post","status-publish","format-standard","has-post-thumbnail","hentry","category-stirile-zilei","tag-castiguri-salariale","tag-dezvoltare-economica","tag-flexibilizare","tag-oportunitati","tag-piata-muncii","tag-provocari","tag-uniunea-europeana","tag-venit-real"],"_links":{"self":[{"href":"https:\/\/www.newsrecorder.ro\/app\/wp-json\/wp\/v2\/posts\/16973","targetHints":{"allow":["GET"]}}],"collection":[{"href":"https:\/\/www.newsrecorder.ro\/app\/wp-json\/wp\/v2\/posts"}],"about":[{"href":"https:\/\/www.newsrecorder.ro\/app\/wp-json\/wp\/v2\/types\/post"}],"author":[{"embeddable":true,"href":"https:\/\/www.newsrecorder.ro\/app\/wp-json\/wp\/v2\/users\/2"}],"replies":[{"embeddable":true,"href":"https:\/\/www.newsrecorder.ro\/app\/wp-json\/wp\/v2\/comments?post=16973"}],"version-history":[{"count":0,"href":"https:\/\/www.newsrecorder.ro\/app\/wp-json\/wp\/v2\/posts\/16973\/revisions"}],"wp:featuredmedia":[{"embeddable":true,"href":"https:\/\/www.newsrecorder.ro\/app\/wp-json\/wp\/v2\/media\/16974"}],"wp:attachment":[{"href":"https:\/\/www.newsrecorder.ro\/app\/wp-json\/wp\/v2\/media?parent=16973"}],"wp:term":[{"taxonomy":"category","embeddable":true,"href":"https:\/\/www.newsrecorder.ro\/app\/wp-json\/wp\/v2\/categories?post=16973"},{"taxonomy":"post_tag","embeddable":true,"href":"https:\/\/www.newsrecorder.ro\/app\/wp-json\/wp\/v2\/tags?post=16973"}],"curies":[{"name":"wp","href":"https:\/\/api.w.org\/{rel}","templated":true}]}}