{"id":16975,"date":"2026-05-01T13:11:46","date_gmt":"2026-05-01T13:11:46","guid":{"rendered":"https:\/\/www.newsrecorder.ro\/app\/2026\/05\/01\/regizorul-filmului-anti-putin-isi-pierde-oscarul-in-timpul-zborului\/"},"modified":"2026-05-01T13:11:46","modified_gmt":"2026-05-01T13:11:46","slug":"regizorul-filmului-anti-putin-isi-pierde-oscarul-in-timpul-zborului","status":"publish","type":"post","link":"https:\/\/www.newsrecorder.ro\/app\/2026\/05\/01\/regizorul-filmului-anti-putin-isi-pierde-oscarul-in-timpul-zborului\/","title":{"rendered":"Regizorul filmului anti-Putin \u00ee\u0219i pierde Oscarul \u00een timpul zborului!"},"content":{"rendered":"<p class=\"doc_header__name js-search-mark\">Pavel Talankin, regizorul documentarului \u201eDomnul Nimeni vs. Putin\u201d, a fost implicat \u00eentr-o \u00eent\u00e2mplare neobi\u0219nuit\u0103. <strong><a style=\"color: #0000ff\" href=\"https:\/\/www.mediafax.ro\/video\/actorul-cuba-gooding-jr-castigator-al-premiului-oscar-a-vizitat-santierul-viitoarei-clinici-de-psihiatrie-pediatrica-de-la-obregia-23728545\">C\u00e2\u0219tig\u0103tor al premiului Oscar, acesta a pierdut statueta \u00een timp ce c\u0103l\u0103torea de la New York la Frankfurt<\/a><\/strong>. Detalii despre acest incident au fost furnizate de coautorul filmului, David Borenstein.<\/p>\n<p class=\"doc__text\">\u201eIeri, am ajuns la Aeroportul Interna\u021bional John F. Kennedy, preg\u0103ti\u021bi s\u0103 ne \u00eentoarcem acas\u0103, \u00een Europa, av\u00e2nd Oscarul ca bagaj de m\u00e2n\u0103\u201d, a scris Borenstein pe Instagram.<\/p>\n<p class=\"doc__text\">Conform declara\u021biilor sale, personalul aeroportului l-a oprit pe Pavel Talankin, argument\u00e2nd c\u0103 statueta ar putea fi folosit\u0103 ca arm\u0103 \u0219i refuz\u00e2ndu-i accesul la bord cu aceasta. Astfel, Oscarul a fost plasat \u00eentr-o cutie \u0219i trimis \u00een cala aeronavei, a precizat David Borenstein.<\/p>\n<p class=\"doc__text\">\u201eAm c\u0103utat informa\u021bii, dar nu am g\u0103sit nicio situa\u021bie similar\u0103 \u00een care cineva s\u0103 fi fost obligat s\u0103 verifice un premiu Oscar. Ar fi fost Pavel tratat la fel dac\u0103 ar fi fost un actor celebru? Sau dac\u0103 ar fi vorbit fluent engleza?\u201d, a subliniat Borenstein.<\/p>\n<p class=\"doc__text\">Pavel Talankin a declarat pentru <a href=\"https:\/\/deadline.com\/2026\/04\/oscar-winners-missing-academy-award-1236877350\/\" target=\"_blank\" rel=\"nofollow noopener\">Deadline<\/a> c\u0103 a transportat statueta Oscar \u00een avion de peste zece ori f\u0103r\u0103 a \u00eent\u00e2mpina probleme p\u00e2n\u0103 la incidentul de la aeroportul JFK.<\/p>\n<p class=\"doc__text\">Regizorul a men\u021bionat c\u0103 un angajat Lufthansa a oferit s\u0103 p\u0103streze statueta \u00een cockpit pe durata zborului, \u00eens\u0103 securitatea aeroportului a interzis aceast\u0103 op\u021biune.<\/p>\n<p class=\"doc__text\">\u00cen seara zilei de 30 aprilie, Deadline a primit o declara\u021bie de la Lufthansa, \u00een care compania aerian\u0103 a afirmat c\u0103 desf\u0103\u0219oar\u0103 o c\u0103utare intern\u0103 am\u0103nun\u021bit\u0103 pentru a localiza statueta de Oscar.<\/p>\n<p>Documentarul, co-regizat \u00eempreun\u0103 cu David Borenstein, urm\u0103re\u0219te evolu\u021bia lui Talankin \u00een timpul lucrului la o \u0219coal\u0103 din ora\u0219ul industrial Karaba\u0219. Ini\u021bial, el a fost \u00eens\u0103rcinat s\u0103 filmeze materiale care, f\u0103r\u0103 inten\u021bia sa, au devenit instrumente de propagand\u0103 guvernamental\u0103 \u00een urma izbucnirii r\u0103zboiului din Ucraina.<\/p>\n<p>Folosind film\u0103rile realizate pe parcursul a doi ani, documentarul eviden\u021biaz\u0103 metodele prin care guvernul condus de Vladimir Putin influen\u021beaz\u0103 societatea rus\u0103, precum \u0219i modul \u00een care un cet\u0103\u021bean obi\u0219nuit poate ajunge s\u0103 se opun\u0103 acestui sistem.<\/p>\n","protected":false},"excerpt":{"rendered":"<p>Pavel Talankin, regizorul documentarului \u201eDomnul Nimeni vs. Putin\u201d, a fost implicat \u00eentr-o \u00eent\u00e2mplare neobi\u0219nuit\u0103. C\u00e2\u0219tig\u0103tor al premiului Oscar, acesta a pierdut statueta \u00een timp ce c\u0103l\u0103torea de la New York la Frankfurt. Detalii despre acest incident au fost furnizate de coautorul filmului, David Borenstein. \u201eIeri, am ajuns la Aeroportul Interna\u021bional John F. Kennedy, preg\u0103ti\u021bi s\u0103 [&hellip;]<\/p>\n","protected":false},"author":2,"featured_media":16976,"comment_status":"open","ping_status":"open","sticky":false,"template":"","format":"standard","meta":{"jnews-multi-image_gallery":[],"jnews_single_post":[],"jnews_primary_category":[],"jnews_override_counter":[],"footnotes":""},"categories":[39],"tags":[18387,13516,1494,19218,19219,13506,13725,19220],"class_list":["post-16975","post","type-post","status-publish","format-standard","has-post-thumbnail","hentry","category-stirile-zilei","tag-arma","tag-david-borenstein","tag-documentar","tag-incident-aeroport","tag-john-f-kennedy","tag-pavel-talankin","tag-premiul-oscar","tag-statueta"],"_links":{"self":[{"href":"https:\/\/www.newsrecorder.ro\/app\/wp-json\/wp\/v2\/posts\/16975","targetHints":{"allow":["GET"]}}],"collection":[{"href":"https:\/\/www.newsrecorder.ro\/app\/wp-json\/wp\/v2\/posts"}],"about":[{"href":"https:\/\/www.newsrecorder.ro\/app\/wp-json\/wp\/v2\/types\/post"}],"author":[{"embeddable":true,"href":"https:\/\/www.newsrecorder.ro\/app\/wp-json\/wp\/v2\/users\/2"}],"replies":[{"embeddable":true,"href":"https:\/\/www.newsrecorder.ro\/app\/wp-json\/wp\/v2\/comments?post=16975"}],"version-history":[{"count":0,"href":"https:\/\/www.newsrecorder.ro\/app\/wp-json\/wp\/v2\/posts\/16975\/revisions"}],"wp:featuredmedia":[{"embeddable":true,"href":"https:\/\/www.newsrecorder.ro\/app\/wp-json\/wp\/v2\/media\/16976"}],"wp:attachment":[{"href":"https:\/\/www.newsrecorder.ro\/app\/wp-json\/wp\/v2\/media?parent=16975"}],"wp:term":[{"taxonomy":"category","embeddable":true,"href":"https:\/\/www.newsrecorder.ro\/app\/wp-json\/wp\/v2\/categories?post=16975"},{"taxonomy":"post_tag","embeddable":true,"href":"https:\/\/www.newsrecorder.ro\/app\/wp-json\/wp\/v2\/tags?post=16975"}],"curies":[{"name":"wp","href":"https:\/\/api.w.org\/{rel}","templated":true}]}}