{"id":16977,"date":"2026-05-01T13:12:07","date_gmt":"2026-05-01T13:12:07","guid":{"rendered":"https:\/\/www.newsrecorder.ro\/app\/2026\/05\/01\/raspunsul-parlamentarilor-pace-la-oana-gheorghiu-votam-la-vedere\/"},"modified":"2026-05-01T13:12:07","modified_gmt":"2026-05-01T13:12:07","slug":"raspunsul-parlamentarilor-pace-la-oana-gheorghiu-votam-la-vedere","status":"publish","type":"post","link":"https:\/\/www.newsrecorder.ro\/app\/2026\/05\/01\/raspunsul-parlamentarilor-pace-la-oana-gheorghiu-votam-la-vedere\/","title":{"rendered":"R\u0103spunsul parlamentarilor PACE la Oana Gheorghiu: \u201eVot\u0103m la vedere!\u201d"},"content":{"rendered":"<p>Grupul PACE a reac\u021bionat s\u00e2mb\u0103t\u0103 la mesajele trimise parlamentarilor de c\u0103tre vicepremierul Oana Gheorghiu, \u00een \u00eencercarea sa de a-i convinge s\u0103 nu sus\u021bin\u0103 mo\u021biunea de cenzur\u0103 \u00eempotriva Guvernului. \u00centr-un comunicat de pres\u0103, grupul a afirmat c\u0103 Oana Gheorghiu \u201enu a \u0219tiut c\u0103 exist\u0103 parlamentari\u201d p\u00e2n\u0103 \u00een momentul \u00een care mo\u021biunea de cenzur\u0103 a fost declan\u0219at\u0103 \u0219i c\u0103 nu a purtat consult\u0103ri cu ace\u0219tia p\u00e2n\u0103 \u00een prezent.<\/p>\n<p>\u201eMesajul vicepremierului Oana Gheorghiu este un motiv \u00een plus pentru a vota la vedere mo\u021biunea de cenzur\u0103. De la sf\u00e2r\u0219itul lunii octombrie 2025, c\u00e2nd a fost numit\u0103 vicepremier \u00een Guvernul Bolojan, Oana Gheorghiu nu a \u0219tiut c\u0103 exist\u0103 parlamentari\u201d, se men\u021bioneaz\u0103 \u00een comunicatul de pres\u0103 al grupului PACE.<\/p>\n<p>Reprezentan\u021bii grupului au ad\u0103ugat c\u0103 vicepremierul \u201e\u00eencearc\u0103 s\u0103 mimeze democra\u021bia printr-un email\u201d, av\u00e2nd \u00een vedere c\u0103 Departamentul pentru Rela\u021bia cu Parlamentul a solicitat, cu o zi \u00eenainte, adresele de email ale tuturor parlamentarilor din opozi\u021bie. \u201eA\u0219a de bine a comunicat Guvernul cu parlamentarii, \u00eenc\u00e2t nici m\u0103car nu avea adresele de email ale deputa\u021bilor \u0219i senatorilor!\u201d, au subliniat ace\u0219tia.<\/p>\n<p>Grupul PACE a anun\u021bat c\u0103 va vota la vedere mo\u021biunea de cenzur\u0103 \u00eempotriva Guvernului mar\u021bi, de\u0219i votul este, de fapt, secret, realizat prin bile.<\/p>\n<p>Critici din partea PSD \u0219i AUR<\/p>\n<p>\u00cen cursul acelea\u0219i zile, demersul Oanei Gheorghiu a st\u00e2rnit reac\u021bii \u0219i din partea unor lideri din PSD \u0219i AUR. Petri\u0219or Peiu, liderul senatorilor AUR, a afirmat c\u0103 \u201eGuvernul Bolojan se dovede\u0219te a fi doar un paravan, sus\u021binut de un imens aparat de propagand\u0103\u201d. De asemenea, deputatul PSD Adrian C\u00e2ciu a declarat c\u0103 \u201e\u201eadev\u0103rul\u201d Oanei Gheorghiu este o minciun\u0103 \u00een spatele c\u0103reia se ascund interese de miliarde de euro. (\u2026) Pa, Oana! Ia-l \u0219i pe Ilie\u201d.<\/p>\n<p>Aceste reac\u021bii au ap\u0103rut dup\u0103 ce Oana Gheorghiu a trimis vineri seara, de la cabinetul s\u0103u din Guvern, un email tuturor parlamentarilor, \u00eencerc\u00e2nd s\u0103-i conving\u0103 s\u0103 nu voteze mo\u021biunea de cenzur\u0103 \u00eempotriva Guvernului Bolojan.<\/p>\n<p>\u00centr-o postare pe Facebook, vicepremierul \u0219i-a justificat demersul, afirm\u00e2nd: \u201eAm transmis \u00een aceast\u0103 sear\u0103 un mesaj personal fiec\u0103rui deputat \u0219i senator al Rom\u00e2niei. Le-am adresat un apel la \u00een\u021belepciune \u0219i curaj. Am ata\u0219at acestui mesaj raportul exploratoriu privind posibilitatea list\u0103rii unor companii de stat \u2013 documentul original, exact a\u0219a cum a fost prezentat \u00een \u0219edin\u021ba de Guvern din 16 aprilie \u0219i publicat imediat pe site-ul oficial al Guvernului. Am f\u0103cut acest demers pentru c\u0103 fiecare parlamentar are dreptul s\u0103 \u00ee\u0219i exprime votul la mo\u021biunea de cenzur\u0103 av\u00e2nd la dispozi\u021bie toate informa\u021biile corecte, nu versiunea lor denaturat\u0103\u201d, a explicat Oana Gheorghiu.<\/p>\n","protected":false},"excerpt":{"rendered":"<p>Grupul PACE a reac\u021bionat s\u00e2mb\u0103t\u0103 la mesajele trimise parlamentarilor de c\u0103tre vicepremierul Oana Gheorghiu, \u00een \u00eencercarea sa de a-i convinge s\u0103 nu sus\u021bin\u0103 mo\u021biunea de cenzur\u0103 \u00eempotriva Guvernului. \u00centr-un comunicat de pres\u0103, grupul a afirmat c\u0103 Oana Gheorghiu \u201enu a \u0219tiut c\u0103 exist\u0103 parlamentari\u201d p\u00e2n\u0103 \u00een momentul \u00een care mo\u021biunea de cenzur\u0103 a fost declan\u0219at\u0103 [&hellip;]<\/p>\n","protected":false},"author":2,"featured_media":16978,"comment_status":"open","ping_status":"open","sticky":false,"template":"","format":"standard","meta":{"jnews-multi-image_gallery":[],"jnews_single_post":[],"jnews_primary_category":[],"jnews_override_counter":[],"footnotes":""},"categories":[39],"tags":[13990,288,6087,5642,12212,2041,6756,19221],"class_list":["post-16977","post","type-post","status-publish","format-standard","has-post-thumbnail","hentry","category-stirile-zilei","tag-comunicat-de-presa","tag-democratie","tag-grupul-pace","tag-guvernul-bolojan","tag-motiune-de-cenzura","tag-oana-gheorghiu","tag-parlamentari","tag-relatia-cu-parlamentul"],"_links":{"self":[{"href":"https:\/\/www.newsrecorder.ro\/app\/wp-json\/wp\/v2\/posts\/16977","targetHints":{"allow":["GET"]}}],"collection":[{"href":"https:\/\/www.newsrecorder.ro\/app\/wp-json\/wp\/v2\/posts"}],"about":[{"href":"https:\/\/www.newsrecorder.ro\/app\/wp-json\/wp\/v2\/types\/post"}],"author":[{"embeddable":true,"href":"https:\/\/www.newsrecorder.ro\/app\/wp-json\/wp\/v2\/users\/2"}],"replies":[{"embeddable":true,"href":"https:\/\/www.newsrecorder.ro\/app\/wp-json\/wp\/v2\/comments?post=16977"}],"version-history":[{"count":0,"href":"https:\/\/www.newsrecorder.ro\/app\/wp-json\/wp\/v2\/posts\/16977\/revisions"}],"wp:featuredmedia":[{"embeddable":true,"href":"https:\/\/www.newsrecorder.ro\/app\/wp-json\/wp\/v2\/media\/16978"}],"wp:attachment":[{"href":"https:\/\/www.newsrecorder.ro\/app\/wp-json\/wp\/v2\/media?parent=16977"}],"wp:term":[{"taxonomy":"category","embeddable":true,"href":"https:\/\/www.newsrecorder.ro\/app\/wp-json\/wp\/v2\/categories?post=16977"},{"taxonomy":"post_tag","embeddable":true,"href":"https:\/\/www.newsrecorder.ro\/app\/wp-json\/wp\/v2\/tags?post=16977"}],"curies":[{"name":"wp","href":"https:\/\/api.w.org\/{rel}","templated":true}]}}