{"id":16981,"date":"2026-05-01T13:44:05","date_gmt":"2026-05-01T13:44:05","guid":{"rendered":"https:\/\/www.newsrecorder.ro\/app\/2026\/05\/01\/bolojan-va-ramane-lider-pnl-raspunsul-surprinzator-al-premierului\/"},"modified":"2026-05-01T13:44:05","modified_gmt":"2026-05-01T13:44:05","slug":"bolojan-va-ramane-lider-pnl-raspunsul-surprinzator-al-premierului","status":"publish","type":"post","link":"https:\/\/www.newsrecorder.ro\/app\/2026\/05\/01\/bolojan-va-ramane-lider-pnl-raspunsul-surprinzator-al-premierului\/","title":{"rendered":"Bolojan va r\u0103m\u00e2ne lider PNL? R\u0103spunsul surprinz\u0103tor al premierului!"},"content":{"rendered":"<p><em>\u201eAceste aspecte vor fi discutate de colegii de partid, dar Partidul Na\u021bional Liberal are un pre\u0219edinte ales prin Congres. Nu exist\u0103 niciun fel de probleme pe aceast\u0103 tem\u0103, \u00eens\u0103 v\u0103 spun c\u0103 atunci c\u00e2nd e\u0219ti pre\u0219edintele PNL, ai o mare responsabilitate. Aceast\u0103 func\u021bie a fost de-a lungul timpului ocupat\u0103 de oameni care au f\u0103cut lucruri importante pentru aceast\u0103 \u021bar\u0103, ceea ce te oblig\u0103 la un anumit comportament\u201d,<\/em> a declarat Ilie Bolojan, referindu-se la predecesorii s\u0103i din partid.<\/p>\n<p>\u00cen contextul <a href=\"https:\/\/www.mediafax.ro\/stirile-zilei\/psd-apel-catre-liberali-sa-abandoneze-un-premier-care-si-a-pierdut-sprijinul-politic-23728460\" target=\"_blank\" rel=\"noopener\"><strong>apelului PSD<\/strong><\/a> de a renun\u021ba la sprijinul acordat actualului premier, Bolojan a subliniat:<\/p>\n<p><em>\u201e\u00cen primul r\u00e2nd, consider c\u0103 este o lips\u0103 de polite\u021be \u0219i de respect. PNL, \u00een aceast\u0103 perioad\u0103, nu a cerut niciunui partid din coali\u021bie s\u0103 fac\u0103 anumite modific\u0103ri sau s\u0103 adopte politici specifice. Sunt convins c\u0103 partidul pe care \u00eel reprezent\u0103m a \u00eenv\u0103\u021bat ceva din experien\u021bele anterioare\u201d,<\/em> a afirmat Bolojan.<\/p>\n<p>Premierul a continuat s\u0103 explice: <\/p>\n<p><em>\u201eDac\u0103 PNL nu a mai ob\u021binut voturile de care se bucura \u00een ciclurile anterioare, acest lucru se datoreaz\u0103 faptului c\u0103 nu cet\u0103\u021benii ne-au p\u0103r\u0103sit, ci noi i-am abandonat prin comportamentele pe care le-am tolerat \u00een anii trecu\u021bi \u0219i prin gre\u0219elile comise. Este clar c\u0103 nu trebuie s\u0103 repet\u0103m acele erori\u201d,<\/em> a declarat el.<\/p>\n<p>Este important de men\u021bionat c\u0103 mo\u021biunea de cenzur\u0103 propus\u0103 de PSD, AUR \u0219i PACE \u2013 \u00cent\u00e2i Rom\u00e2nia urmeaz\u0103 s\u0103 fie votat\u0103 mar\u021bi. Documentul a fost semnat de peste 250 de parlamentari, \u00eens\u0103 pentru a fi adoptat\u0103, sunt necesare <a href=\"https:\/\/www.mediafax.ro\/politic\/parlamentarii-intrati-pe-listele-pot-ar-putea-sa-nu-voteze-motiunea-psd-aur-desi-au-semnat-o-23728688\" target=\"_blank\" rel=\"noopener\">233 de voturi<\/a>.<\/p>\n<p>Referitor la solu\u021biile pe care PNL le va propune \u00een cadrul viitoarelor consult\u0103ri, Ilie Bolojan a declarat:<\/p>\n<p><em>\u201ePartidul Na\u021bional Liberal va organiza o consultare, a\u0219a cum este normal, dup\u0103 aceast\u0103 mo\u021biune, indiferent de soarta ei. Va trebui s\u0103 lu\u0103m anumite decizii, iar \u00een urma consult\u0103rii, vom propune o solu\u021bie pe care o avem \u00een vedere, \u00een discu\u021biile care vor urma, indiferent de rezultat\u201d,<\/em> a precizat premierul.<\/p>\n<p>De asemenea, Ilie Bolojan a subliniat anterior c\u0103, \u00een cazul \u00een care mo\u021biunea de cenzur\u0103 va fi adoptat\u0103, Guvernul va r\u0103m\u00e2ne \u00een func\u021bie sub o form\u0103 de interimat p\u00e2n\u0103 la validarea unei noi formule de c\u0103tre Parlament. Dac\u0103 mo\u021biunea nu va trece, Guvernul va continua s\u0103 func\u021bioneze \u201e\u00een condi\u021bii normale\u201d.<\/p>\n","protected":false},"excerpt":{"rendered":"<p>\u201eAceste aspecte vor fi discutate de colegii de partid, dar Partidul Na\u021bional Liberal are un pre\u0219edinte ales prin Congres. Nu exist\u0103 niciun fel de probleme pe aceast\u0103 tem\u0103, \u00eens\u0103 v\u0103 spun c\u0103 atunci c\u00e2nd e\u0219ti pre\u0219edintele PNL, ai o mare responsabilitate. Aceast\u0103 func\u021bie a fost de-a lungul timpului ocupat\u0103 de oameni care au f\u0103cut lucruri [&hellip;]<\/p>\n","protected":false},"author":2,"featured_media":16982,"comment_status":"open","ping_status":"open","sticky":false,"template":"","format":"standard","meta":{"jnews-multi-image_gallery":[],"jnews_single_post":[],"jnews_primary_category":[],"jnews_override_counter":[],"footnotes":""},"categories":[39],"tags":[636,19223,302,1333,269,2172,300,319],"class_list":["post-16981","post","type-post","status-publish","format-standard","has-post-thumbnail","hentry","category-stirile-zilei","tag-coalitie","tag-experiente-anterioare","tag-ilie-bolojan","tag-partidul-national-liberal","tag-politica","tag-presedinte","tag-psd","tag-responsabilitate"],"_links":{"self":[{"href":"https:\/\/www.newsrecorder.ro\/app\/wp-json\/wp\/v2\/posts\/16981","targetHints":{"allow":["GET"]}}],"collection":[{"href":"https:\/\/www.newsrecorder.ro\/app\/wp-json\/wp\/v2\/posts"}],"about":[{"href":"https:\/\/www.newsrecorder.ro\/app\/wp-json\/wp\/v2\/types\/post"}],"author":[{"embeddable":true,"href":"https:\/\/www.newsrecorder.ro\/app\/wp-json\/wp\/v2\/users\/2"}],"replies":[{"embeddable":true,"href":"https:\/\/www.newsrecorder.ro\/app\/wp-json\/wp\/v2\/comments?post=16981"}],"version-history":[{"count":0,"href":"https:\/\/www.newsrecorder.ro\/app\/wp-json\/wp\/v2\/posts\/16981\/revisions"}],"wp:featuredmedia":[{"embeddable":true,"href":"https:\/\/www.newsrecorder.ro\/app\/wp-json\/wp\/v2\/media\/16982"}],"wp:attachment":[{"href":"https:\/\/www.newsrecorder.ro\/app\/wp-json\/wp\/v2\/media?parent=16981"}],"wp:term":[{"taxonomy":"category","embeddable":true,"href":"https:\/\/www.newsrecorder.ro\/app\/wp-json\/wp\/v2\/categories?post=16981"},{"taxonomy":"post_tag","embeddable":true,"href":"https:\/\/www.newsrecorder.ro\/app\/wp-json\/wp\/v2\/tags?post=16981"}],"curies":[{"name":"wp","href":"https:\/\/api.w.org\/{rel}","templated":true}]}}