{"id":16989,"date":"2026-05-01T16:08:22","date_gmt":"2026-05-01T16:08:22","guid":{"rendered":"https:\/\/www.newsrecorder.ro\/app\/2026\/05\/01\/arsenal-amana-plangerea-din-champions-league-pentru-a-se-concentra-pe-titlu\/"},"modified":"2026-05-01T16:08:22","modified_gmt":"2026-05-01T16:08:22","slug":"arsenal-amana-plangerea-din-champions-league-pentru-a-se-concentra-pe-titlu","status":"publish","type":"post","link":"https:\/\/www.newsrecorder.ro\/app\/2026\/05\/01\/arsenal-amana-plangerea-din-champions-league-pentru-a-se-concentra-pe-titlu\/","title":{"rendered":"Arsenal am\u00e2n\u0103 pl\u00e2ngerea din Champions League pentru a se concentra pe titlu!"},"content":{"rendered":"<p>\u00cen cadrul unei conferin\u021be de pres\u0103, tehnicianul spaniol Mikel Arteta a subliniat c\u0103 echipa sa se concentreaz\u0103 pe meciul din Premier League programat s\u00e2mb\u0103t\u0103, consider\u00e2ndu-l o prioritate imediat\u0103.<\/p>\n<p>\u201eVom aborda detaliile de luni. \u00cen acest moment, tot ce conteaz\u0103 este confruntarea cu Fulham\u201d, a declarat Arteta, r\u0103spunz\u00e2nd la \u00eentreb\u0103rile legate de o posibil\u0103 pl\u00e2ngere dup\u0103 meciul din turul semifinalelor Champions League, desf\u0103\u0219urat miercuri.<\/p>\n<p>Oficialii clubului Arsenal \u0219i-au exprimat nemul\u021bumirea fa\u021b\u0103 de deciziile luate de arbitrul olandez Danny Makkelie \u00een confruntarea cu Atl\u00e9tico Madrid. Principalul subiect contestat a fost penaltiul acordat adversarilor \u0219i decizia VAR de a anula o lovitur\u0103 de pedeaps\u0103 \u00een favoarea londonezilor.<\/p>\n<p>C\u00e2nd a fost \u00eentrebat dac\u0103 incidentul de la Madrid ar putea oferi o motiva\u021bie suplimentar\u0103 echipei \u00een acest final de sezon, Arteta a afirmat c\u0103 aten\u021bia sa r\u0103m\u00e2ne concentrat\u0103 pe obiectivele interne ale echipei.<\/p>\n<p>\u201ePoate, dar consider c\u0103 avem suficient\u0103 energie pentru a continua. Vrem s\u0103 c\u00e2\u0219tig\u0103m Premier League \u0219i suntem exact \u00een locul \u00een care ne doream. Mai avem patru meciuri \u0219i vom lupta p\u00e2n\u0103 la cap\u0103t\u201d, a declarat antrenorul lui Arsenal.<\/p>\n<p>\u00cen prezent, Arsenal ocup\u0103 prima pozi\u021bie \u00een clasament, av\u00e2nd un avans de 3 puncte fa\u021b\u0103 de Manchester City, care are un meci mai pu\u021bin disputat.<\/p>\n<p>Arteta a confirmat absen\u021bele lui Kai Havertz \u0219i Jurrien Timber pentru meciul cu Fulham, men\u021bion\u00e2nd c\u0103 starea c\u0103pitanului Martin Odegaard va fi evaluat\u0103 \u00eenainte de joc.<\/p>\n<p>Tehnicianul a afirmat c\u0103 nu simte presiunea specific\u0103 finalului de sezon, consider\u00e2nd c\u0103 tensiunea face parte din natura meseriei de antrenor.<\/p>\n<p>\u201eEste un aspect normal al muncii mele, deoarece \u0219tiu ce ne propunem. Cel mai important este s\u0103 le oferim juc\u0103torilor un cadru adecvat pentru a lua deciziile corecte. Avem fotbali\u0219ti de mare calitate, iar de cele mai multe ori, ace\u0219tia vor alege solu\u021bia potrivit\u0103\u201d, a explicat el.<\/p>\n<p>Arteta a discutat \u0219i despre influen\u021ba mijloca\u0219ului Declan Rice \u00een echip\u0103, subliniind c\u0103 fotbalul modern necesit\u0103 juc\u0103tori versatili.<\/p>\n<p>\u201eFotbalul se \u00eendreapt\u0103 c\u0103tre juc\u0103tori comple\u021bi. Un mijloca\u0219 nu mai este definit doar prin numerele \u0219ase, opt sau zece. Ai nevoie de juc\u0103tori capabili s\u0103 joace \u00een orice zon\u0103 a terenului \u0219i s\u0103 domine fiecare faz\u0103. Declan se dezvolt\u0103 exact \u00een aceast\u0103 direc\u021bie\u201d, a ad\u0103ugat managerul lui Arsenal.<\/p>\n<p>Arteta a sus\u021binut c\u0103 Rice merit\u0103 s\u0103 fie luat \u00een considerare pentru titlul de juc\u0103torul sezonului, eviden\u021biind constan\u021ba sa remarcabil\u0103.<\/p>\n<p>\u201eCe face Declan este incredibil. Num\u0103rul de meciuri \u0219i minute jucate la acest nivel de performan\u021b\u0103 este extrem de dificil de men\u021binut. A demonstrat aceea\u0219i consisten\u021b\u0103 \u0219i \u00een sezoanele anterioare\u201d, a concluzionat el.<\/p>\n","protected":false},"excerpt":{"rendered":"<p>\u00cen cadrul unei conferin\u021be de pres\u0103, tehnicianul spaniol Mikel Arteta a subliniat c\u0103 echipa sa se concentreaz\u0103 pe meciul din Premier League programat s\u00e2mb\u0103t\u0103, consider\u00e2ndu-l o prioritate imediat\u0103. \u201eVom aborda detaliile de luni. \u00cen acest moment, tot ce conteaz\u0103 este confruntarea cu Fulham\u201d, a declarat Arteta, r\u0103spunz\u00e2nd la \u00eentreb\u0103rile legate de o posibil\u0103 pl\u00e2ngere dup\u0103 [&hellip;]<\/p>\n","protected":false},"author":6,"featured_media":16990,"comment_status":"open","ping_status":"open","sticky":false,"template":"","format":"standard","meta":{"jnews-multi-image_gallery":[],"jnews_single_post":[],"jnews_primary_category":[],"jnews_override_counter":[],"footnotes":""},"categories":[46],"tags":[1393,1384,19239,19238,2779,19240,2016,1245],"class_list":["post-16989","post","type-post","status-publish","format-standard","has-post-thumbnail","hentry","category-sport","tag-arsenal","tag-champions-league","tag-danny-makkelie","tag-fulham","tag-mikel-arteta","tag-penalti","tag-premier-league","tag-var"],"_links":{"self":[{"href":"https:\/\/www.newsrecorder.ro\/app\/wp-json\/wp\/v2\/posts\/16989","targetHints":{"allow":["GET"]}}],"collection":[{"href":"https:\/\/www.newsrecorder.ro\/app\/wp-json\/wp\/v2\/posts"}],"about":[{"href":"https:\/\/www.newsrecorder.ro\/app\/wp-json\/wp\/v2\/types\/post"}],"author":[{"embeddable":true,"href":"https:\/\/www.newsrecorder.ro\/app\/wp-json\/wp\/v2\/users\/6"}],"replies":[{"embeddable":true,"href":"https:\/\/www.newsrecorder.ro\/app\/wp-json\/wp\/v2\/comments?post=16989"}],"version-history":[{"count":0,"href":"https:\/\/www.newsrecorder.ro\/app\/wp-json\/wp\/v2\/posts\/16989\/revisions"}],"wp:featuredmedia":[{"embeddable":true,"href":"https:\/\/www.newsrecorder.ro\/app\/wp-json\/wp\/v2\/media\/16990"}],"wp:attachment":[{"href":"https:\/\/www.newsrecorder.ro\/app\/wp-json\/wp\/v2\/media?parent=16989"}],"wp:term":[{"taxonomy":"category","embeddable":true,"href":"https:\/\/www.newsrecorder.ro\/app\/wp-json\/wp\/v2\/categories?post=16989"},{"taxonomy":"post_tag","embeddable":true,"href":"https:\/\/www.newsrecorder.ro\/app\/wp-json\/wp\/v2\/tags?post=16989"}],"curies":[{"name":"wp","href":"https:\/\/api.w.org\/{rel}","templated":true}]}}