{"id":16991,"date":"2026-05-01T16:08:42","date_gmt":"2026-05-01T16:08:42","guid":{"rendered":"https:\/\/www.newsrecorder.ro\/app\/2026\/05\/01\/secretele-suferintei-lui-maradona-ce-afectiuni-ascundea-legenda-fotbalului\/"},"modified":"2026-05-01T16:08:42","modified_gmt":"2026-05-01T16:08:42","slug":"secretele-suferintei-lui-maradona-ce-afectiuni-ascundea-legenda-fotbalului","status":"publish","type":"post","link":"https:\/\/www.newsrecorder.ro\/app\/2026\/05\/01\/secretele-suferintei-lui-maradona-ce-afectiuni-ascundea-legenda-fotbalului\/","title":{"rendered":"Secretele suferin\u021bei lui Maradona: Ce afec\u021biuni ascundea legenda fotbalului"},"content":{"rendered":"<p><em>\u201eNe confrunt\u0103m cu un tablou clinic complex: dependen\u021b\u0103, tulburare bipolar\u0103 \u0219i tulburare de personalitate. Acestea sunt trei afec\u021biuni cronice, care dureaz\u0103 toat\u0103 via\u021ba\u201d<\/em>, a declarat psihologul Carlos Diaz \u00een cadrul procesului echipei medicale care l-a \u00eengrijit pe Diego Maradona, acuzat\u0103 de neglijen\u021b\u0103 \u00een ultimele zile ale vie\u021bii sale, \u00een 2020, la v\u00e2rsta de 60 de ani, conform AFP, citat\u0103 de <a href=\"https:\/\/www.nzherald.co.nz\/sport\/maradona-was-bipolar-had-narcissistic-disorder-psychologist-tells-death-trial\/723MSSX36BFUTGOWNUGAXC6ANQ\/\" target=\"_blank\" rel=\"noopener\">The New Zealand Herald.<\/a><\/p>\n<p>De\u0219i problemele de dependen\u021b\u0103 ale celebrului fotbalist, cum ar fi abuzul de cocain\u0103 \u0219i alcool, erau deja bine cunoscute, diagnosticele prezentate joi nu fuseser\u0103 niciodat\u0103 f\u0103cute publice anterior.<\/p>\n<p>Diaz, unul dintre inculpa\u021bi \u00een acest caz, a adus \u00een discu\u021bie starea de s\u0103n\u0103tate mintal\u0103 a lui Maradona, sus\u021bin\u00e2nd c\u0103 acesta era un pacient dificil. Aceast\u0103 argumentare face parte din strategia mai ampl\u0103 de ap\u0103rare care sus\u021bine c\u0103 starul fotbalului a decedat din cauze naturale.<\/p>\n<p>Psihologul a men\u021bionat c\u0103 apropia\u021bii lui Maradona i-au comunicat c\u0103 <em>\u201econsumul s\u0103u de substan\u021be era direct legat de succesele sale \u00een carier\u0103, iar \u00een momentele de frustrare, el nu reu\u0219ea s\u0103 gestioneze emo\u021biile.\u201d<\/em><\/p>\n<p>Recunoscut ca unul dintre cei mai mari fotbali\u0219ti din istorie, Maradona a murit \u00een noiembrie 2020, \u00een timp ce se recupera acas\u0103 dup\u0103 o interven\u021bie chirurgical\u0103 pentru \u00eendep\u0103rtarea unui cheag cerebral.<\/p>\n<p>Cauzele decesului s\u0103u au fost identificate ca fiind insuficien\u021ba cardiac\u0103 \u0219i edemul pulmonar acut, o afec\u021biune \u00een care lichidul se acumuleaz\u0103 \u00een pl\u0103m\u00e2ni, iar acesta a survenit la dou\u0103 s\u0103pt\u0103m\u00e2ni dup\u0103 opera\u021bie.<\/p>\n<p>\u0218apte membri ai echipei medicale care l-a \u00eengrijit pe Maradona, inclusiv un neurochirurg, un psihiatru \u0219i o asistent\u0103 medical\u0103, risc\u0103 pedepse cu \u00eenchisoarea cuprinse \u00eentre opt \u0219i 25 de ani, dac\u0103 vor fi g\u0103si\u021bi vinova\u021bi de omor cu posibil\u0103 inten\u021bie \u2013 acuzare care se bazeaz\u0103 pe faptul c\u0103 \u0219tiau c\u0103 neglijen\u021ba lor ar putea duce la deces.<\/p>\n<p>Echipa medical\u0103, pe de alt\u0103 parte, neag\u0103 orice responsabilitate pentru moartea lui Maradona, afirm\u00e2nd c\u0103 marele juc\u0103tor al Cupei Mondiale din 1986 a murit din cauze naturale.<\/p>\n<p>Carlos Diaz a precizat \u00een fa\u021ba instan\u021bei c\u0103 l-a \u00eent\u00e2lnit pe Maradona \u00een octombrie 2020, descriind o scen\u0103 emo\u021bionant\u0103: <em>\u201e\u00cemi amintesc c\u0103 Maradona st\u0103tea \u00eentr-un fotoliu \u0219i bea vin. Mi-a adus aminte de tat\u0103l meu, care era alcoolic \u0219i murise cu c\u00e2teva luni \u00eenainte. Am sim\u021bit c\u0103 avea o dorin\u021b\u0103 sincer\u0103 de a se schimba, era hot\u0103r\u00e2t.\u201d<\/em><\/p>\n<p>Primul proces \u00een leg\u0103tur\u0103 cu moartea fotbalistului a fost anulat anul trecut, dup\u0103 ce s-a aflat c\u0103 unul dintre judec\u0103tori era implicat \u00een realizarea unui documentar clandestin despre acest caz.<\/p>\n<p>A\u0219adar, acest al doilea proces, condus de un nou complet de judec\u0103tori, a \u00eenceput \u00een aceast\u0103 lun\u0103, continu\u00e2nd s\u0103 atrag\u0103 aten\u021bia asupra circumstan\u021belor tragice ale dispari\u021biei unei legende a fotbalului mondial.<\/p>\n","protected":false},"excerpt":{"rendered":"<p>\u201eNe confrunt\u0103m cu un tablou clinic complex: dependen\u021b\u0103, tulburare bipolar\u0103 \u0219i tulburare de personalitate. Acestea sunt trei afec\u021biuni cronice, care dureaz\u0103 toat\u0103 via\u021ba\u201d, a declarat psihologul Carlos Diaz \u00een cadrul procesului echipei medicale care l-a \u00eengrijit pe Diego Maradona, acuzat\u0103 de neglijen\u021b\u0103 \u00een ultimele zile ale vie\u021bii sale, \u00een 2020, la v\u00e2rsta de 60 de [&hellip;]<\/p>\n","protected":false},"author":6,"featured_media":16992,"comment_status":"open","ping_status":"open","sticky":false,"template":"","format":"standard","meta":{"jnews-multi-image_gallery":[],"jnews_single_post":[],"jnews_primary_category":[],"jnews_override_counter":[],"footnotes":""},"categories":[46],"tags":[19242,4439,19241,13319,2495,660,15250,16457],"class_list":["post-16991","post","type-post","status-publish","format-standard","has-post-thumbnail","hentry","category-sport","tag-abuz-de-substante","tag-dependenta","tag-diego-maradona","tag-neglijenta","tag-proces","tag-sanatate-mintala","tag-tulburare-bipolara","tag-tulburare-de-personalitate"],"_links":{"self":[{"href":"https:\/\/www.newsrecorder.ro\/app\/wp-json\/wp\/v2\/posts\/16991","targetHints":{"allow":["GET"]}}],"collection":[{"href":"https:\/\/www.newsrecorder.ro\/app\/wp-json\/wp\/v2\/posts"}],"about":[{"href":"https:\/\/www.newsrecorder.ro\/app\/wp-json\/wp\/v2\/types\/post"}],"author":[{"embeddable":true,"href":"https:\/\/www.newsrecorder.ro\/app\/wp-json\/wp\/v2\/users\/6"}],"replies":[{"embeddable":true,"href":"https:\/\/www.newsrecorder.ro\/app\/wp-json\/wp\/v2\/comments?post=16991"}],"version-history":[{"count":0,"href":"https:\/\/www.newsrecorder.ro\/app\/wp-json\/wp\/v2\/posts\/16991\/revisions"}],"wp:featuredmedia":[{"embeddable":true,"href":"https:\/\/www.newsrecorder.ro\/app\/wp-json\/wp\/v2\/media\/16992"}],"wp:attachment":[{"href":"https:\/\/www.newsrecorder.ro\/app\/wp-json\/wp\/v2\/media?parent=16991"}],"wp:term":[{"taxonomy":"category","embeddable":true,"href":"https:\/\/www.newsrecorder.ro\/app\/wp-json\/wp\/v2\/categories?post=16991"},{"taxonomy":"post_tag","embeddable":true,"href":"https:\/\/www.newsrecorder.ro\/app\/wp-json\/wp\/v2\/tags?post=16991"}],"curies":[{"name":"wp","href":"https:\/\/api.w.org\/{rel}","templated":true}]}}