{"id":16993,"date":"2026-05-01T16:09:05","date_gmt":"2026-05-01T16:09:05","guid":{"rendered":"https:\/\/www.newsrecorder.ro\/app\/2026\/05\/01\/zelenski-lanseaza-reforma-militara-salarii-mai-mari-pentru-soldati\/"},"modified":"2026-05-01T16:09:05","modified_gmt":"2026-05-01T16:09:05","slug":"zelenski-lanseaza-reforma-militara-salarii-mai-mari-pentru-soldati","status":"publish","type":"post","link":"https:\/\/www.newsrecorder.ro\/app\/2026\/05\/01\/zelenski-lanseaza-reforma-militara-salarii-mai-mari-pentru-soldati\/","title":{"rendered":"Zelenski lanseaz\u0103 reforma militar\u0103: Salarii mai mari pentru solda\u021bi!"},"content":{"rendered":"<p>Dup\u0103 mai bine de patru ani de conflict devastator, care a dus la pierderi umane semnificative, for\u021bele ucrainene exploreaz\u0103 noi metode de recrutare. Pre\u0219edintele ucrainean, Volodimir Zelenski, a anun\u021bat vineri lansarea unei <em>\u201ereforme a armatei\u201d<\/em>, ce vizeaz\u0103 o demobilizare treptat\u0103 \u0219i majorarea salariilor pentru solda\u021bii afla\u021bi pe linia frontului, conform <strong><a style=\"color: #0000ff\" href=\"https:\/\/www.lefigaro.fr\/international\/guerre-en-ukraine-kiev-lance-une-reforme-de-l-armee-avec-demobilisation-et-hausse-de-salaire-20260501\">unei declara\u021bii oficiale<\/a><\/strong>.<\/p>\n<p>\u00cen cadrul acestei reforme, Zelenski subliniaz\u0103 importan\u021ba consolid\u0103rii sistemului de contracte din for\u021bele de ap\u0103rare, afirm\u00e2nd c\u0103 <em>\u201econdi\u021biile de serviciu trebuie s\u0103 fie clar definite, iar demobilizarea treptat\u0103 s\u0103 devin\u0103 posibil\u0103 pentru cei mobiliza\u021bi anterior, \u00eencep\u00e2nd cu acest an\u201d<\/em>. Totu\u0219i, detalii suplimentare nu au fost oferite, av\u00e2nd \u00een vedere c\u0103 legisla\u021bia actual\u0103 permite demobilizarea doar dup\u0103 ridicarea legii mar\u021biale, care este \u00een vigoare din februarie 2022, de la \u00eenceputul invaziei ruse\u0219ti.<\/p>\n<p>\u00cen ceea ce prive\u0219te salariile, Zelenski a propus o cre\u0219tere semnificativ\u0103, suger\u00e2nd c\u0103 <em>\u201enivelul minim ar trebui s\u0103 fie de cel pu\u021bin 30.000 de grivne (aproximativ 580 de euro) pentru posturile de necombatan\u021bi\u201d<\/em>, comparativ cu 20.000 de grivne (aproximativ 390 de euro) \u00een prezent, conform Ministerului Ap\u0103r\u0103rii. Pentru solda\u021bii din pozi\u021bii de lupt\u0103, pre\u0219edintele a men\u021bionat c\u0103 remunera\u021bia ar trebui s\u0103 fie semnificativ mai mare, suger\u00e2nd pl\u0103\u021bi \u00eentre <em>\u201e250.000 \u0219i 400.000 de grivne\u201d<\/em> (\u00eentre 4.850 \u0219i 7.770 de euro). \u00cen prezent, un soldat care lupt\u0103 pe front prime\u0219te o plat\u0103 suplimentar\u0103 de 170.000 de grivne (3.300 de euro) pentru o lun\u0103 de activitate.<\/p>\n<p>Reforma propus\u0103 este \u00een curs de finalizare, iar Zelenski a precizat c\u0103 <em>\u201eprimele rezultate ar trebui ob\u021binute \u00een iunie\u201d<\/em>. \u00cen aceast\u0103 perioad\u0103 de r\u0103zboi, ucrainenii caut\u0103 noi metode de recrutare pentru a \u00eent\u0103ri for\u021bele armate. De asemenea, aproape to\u021bi noii recru\u021bi sunt mobiliza\u021bi, o situa\u021bie care suscit\u0103 controverse, av\u00e2nd \u00een vedere percep\u021bia publicului despre sistemul de recrutare, care este adesea considerat nedrept, corupt \u0219i ineficient.<\/p>\n<p>\u00cen \u00eencercarea de a stimula recrutarea, autorit\u0103\u021bile au implementat diverse m\u0103suri, inclusiv oferte financiare pentru tinerii cu v\u00e2rste \u00eentre 18 \u0219i 24 de ani \u0219i deschiderea de birouri de recrutare pentru ucrainenii din diaspora. Cu toate acestea, aceste ini\u021biative nu au avut impactul scontat asupra num\u0103rului de voluntari care doresc s\u0103 se al\u0103ture for\u021belor armate.<\/p>\n","protected":false},"excerpt":{"rendered":"<p>Dup\u0103 mai bine de patru ani de conflict devastator, care a dus la pierderi umane semnificative, for\u021bele ucrainene exploreaz\u0103 noi metode de recrutare. Pre\u0219edintele ucrainean, Volodimir Zelenski, a anun\u021bat vineri lansarea unei \u201ereforme a armatei\u201d, ce vizeaz\u0103 o demobilizare treptat\u0103 \u0219i majorarea salariilor pentru solda\u021bii afla\u021bi pe linia frontului, conform unei declara\u021bii oficiale. \u00cen cadrul [&hellip;]<\/p>\n","protected":false},"author":2,"featured_media":16994,"comment_status":"open","ping_status":"open","sticky":false,"template":"","format":"standard","meta":{"jnews-multi-image_gallery":[],"jnews_single_post":[],"jnews_primary_category":[],"jnews_override_counter":[],"footnotes":""},"categories":[41],"tags":[684,19244,532,1871,19243,19245,682,1030],"class_list":["post-16993","post","type-post","status-publish","format-standard","has-post-thumbnail","hentry","category-externe","tag-conflict","tag-demobilizare","tag-legislatie","tag-recrutare","tag-reforma-armata","tag-salarii-soldati","tag-ucraina","tag-zelenski"],"_links":{"self":[{"href":"https:\/\/www.newsrecorder.ro\/app\/wp-json\/wp\/v2\/posts\/16993","targetHints":{"allow":["GET"]}}],"collection":[{"href":"https:\/\/www.newsrecorder.ro\/app\/wp-json\/wp\/v2\/posts"}],"about":[{"href":"https:\/\/www.newsrecorder.ro\/app\/wp-json\/wp\/v2\/types\/post"}],"author":[{"embeddable":true,"href":"https:\/\/www.newsrecorder.ro\/app\/wp-json\/wp\/v2\/users\/2"}],"replies":[{"embeddable":true,"href":"https:\/\/www.newsrecorder.ro\/app\/wp-json\/wp\/v2\/comments?post=16993"}],"version-history":[{"count":0,"href":"https:\/\/www.newsrecorder.ro\/app\/wp-json\/wp\/v2\/posts\/16993\/revisions"}],"wp:featuredmedia":[{"embeddable":true,"href":"https:\/\/www.newsrecorder.ro\/app\/wp-json\/wp\/v2\/media\/16994"}],"wp:attachment":[{"href":"https:\/\/www.newsrecorder.ro\/app\/wp-json\/wp\/v2\/media?parent=16993"}],"wp:term":[{"taxonomy":"category","embeddable":true,"href":"https:\/\/www.newsrecorder.ro\/app\/wp-json\/wp\/v2\/categories?post=16993"},{"taxonomy":"post_tag","embeddable":true,"href":"https:\/\/www.newsrecorder.ro\/app\/wp-json\/wp\/v2\/tags?post=16993"}],"curies":[{"name":"wp","href":"https:\/\/api.w.org\/{rel}","templated":true}]}}