{"id":16995,"date":"2026-05-01T16:09:36","date_gmt":"2026-05-01T16:09:36","guid":{"rendered":"https:\/\/www.newsrecorder.ro\/app\/2026\/05\/01\/tragedie-in-franta-masina-cazuta-20-de-metri-cinci-morti-in-incendiu\/"},"modified":"2026-05-01T16:09:36","modified_gmt":"2026-05-01T16:09:36","slug":"tragedie-in-franta-masina-cazuta-20-de-metri-cinci-morti-in-incendiu","status":"publish","type":"post","link":"https:\/\/www.newsrecorder.ro\/app\/2026\/05\/01\/tragedie-in-franta-masina-cazuta-20-de-metri-cinci-morti-in-incendiu\/","title":{"rendered":"Tragedie \u00een Fran\u021ba: Ma\u0219in\u0103 c\u0103zut\u0103 20 de metri, cinci mor\u021bi \u00een incendiu"},"content":{"rendered":"<p>Vineri, comuna francez\u0103 Sarras din Ard\u00e8che a fost scena unui tragic accident rutier, \u00een care un automobil a p\u0103r\u0103sit \u0219oseaua \u0219i a c\u0103zut de la o \u00een\u0103l\u021bime de 20 de metri, izbucnind imediat \u00een fl\u0103c\u0103ri, conform informa\u021biilor furnizate de <a href=\"https:\/\/www.lefigaro.fr\/faits-divers\/ardeche-un-accident-de-la-route-fait-au-moins-quatre-morts-20260501\" target=\"_blank\" rel=\"noopener\">Le Figaro<\/a>.<\/p>\n<p>Autorit\u0103\u021bile de interven\u021bie au declarat c\u0103 pasagerii din vehicul aveau \u00eentre 17 \u0219i 20 de ani. La sosirea serviciilor de urgen\u021b\u0103, ma\u0219ina era deja complet cuprins\u0103 de foc, iar echipele de salvare au g\u0103sit patru cadavre \u00een interiorul acestuia.<\/p>\n<p>Ulterior, o a cincea victim\u0103 a fost descoperit\u0103 la fa\u021ba locului, tragicul bilan\u021b al accidentului cresc\u00e2nd astfel. \u00cen total, 42 de pompieri au fost mobiliza\u021bi pentru a gestiona situa\u021bia, inclusiv o echip\u0103 specializat\u0103 \u00een salvarea pe ap\u0103 \u0219i o unitate dedicat\u0103 interven\u021biilor \u00een medii periculoase, conform acelea\u0219i surse.<\/p>\n<p>\u00cen urma accidentului, drumul RD 270 a fost complet \u00eenchis circula\u021biei. Este demn de men\u021bionat c\u0103, pe acela\u0219i segment de drum, a avut loc un alt accident fatal \u00een aprilie 2022, c\u00e2nd un \u0219ofer \u0219i copilotul s\u0103u au pierdut via\u021ba \u00een timpul unui miting auto la Vernosc-l\u00e8s-Annonay.<\/p>\n","protected":false},"excerpt":{"rendered":"<p>Vineri, comuna francez\u0103 Sarras din Ard\u00e8che a fost scena unui tragic accident rutier, \u00een care un automobil a p\u0103r\u0103sit \u0219oseaua \u0219i a c\u0103zut de la o \u00een\u0103l\u021bime de 20 de metri, izbucnind imediat \u00een fl\u0103c\u0103ri, conform informa\u021biilor furnizate de Le Figaro. Autorit\u0103\u021bile de interven\u021bie au declarat c\u0103 pasagerii din vehicul aveau \u00eentre 17 \u0219i 20 [&hellip;]<\/p>\n","protected":false},"author":2,"featured_media":16996,"comment_status":"open","ping_status":"open","sticky":false,"template":"","format":"standard","meta":{"jnews-multi-image_gallery":[],"jnews_single_post":[],"jnews_primary_category":[],"jnews_override_counter":[],"footnotes":""},"categories":[41],"tags":[501,19247,19248,5752,2437,3039,19246,694],"class_list":["post-16995","post","type-post","status-publish","format-standard","has-post-thumbnail","hentry","category-externe","tag-accident-rutier","tag-ardeche","tag-drumul-rd-270","tag-flacari","tag-interventie","tag-pompieri","tag-sarras","tag-victime"],"_links":{"self":[{"href":"https:\/\/www.newsrecorder.ro\/app\/wp-json\/wp\/v2\/posts\/16995","targetHints":{"allow":["GET"]}}],"collection":[{"href":"https:\/\/www.newsrecorder.ro\/app\/wp-json\/wp\/v2\/posts"}],"about":[{"href":"https:\/\/www.newsrecorder.ro\/app\/wp-json\/wp\/v2\/types\/post"}],"author":[{"embeddable":true,"href":"https:\/\/www.newsrecorder.ro\/app\/wp-json\/wp\/v2\/users\/2"}],"replies":[{"embeddable":true,"href":"https:\/\/www.newsrecorder.ro\/app\/wp-json\/wp\/v2\/comments?post=16995"}],"version-history":[{"count":0,"href":"https:\/\/www.newsrecorder.ro\/app\/wp-json\/wp\/v2\/posts\/16995\/revisions"}],"wp:featuredmedia":[{"embeddable":true,"href":"https:\/\/www.newsrecorder.ro\/app\/wp-json\/wp\/v2\/media\/16996"}],"wp:attachment":[{"href":"https:\/\/www.newsrecorder.ro\/app\/wp-json\/wp\/v2\/media?parent=16995"}],"wp:term":[{"taxonomy":"category","embeddable":true,"href":"https:\/\/www.newsrecorder.ro\/app\/wp-json\/wp\/v2\/categories?post=16995"},{"taxonomy":"post_tag","embeddable":true,"href":"https:\/\/www.newsrecorder.ro\/app\/wp-json\/wp\/v2\/tags?post=16995"}],"curies":[{"name":"wp","href":"https:\/\/api.w.org\/{rel}","templated":true}]}}