{"id":16997,"date":"2026-05-01T16:10:00","date_gmt":"2026-05-01T16:10:00","guid":{"rendered":"https:\/\/www.newsrecorder.ro\/app\/2026\/05\/01\/peter-magyar-socheaza-budapesta-cumnatul-sau-devine-ministru-al-justitiei\/"},"modified":"2026-05-01T16:10:00","modified_gmt":"2026-05-01T16:10:00","slug":"peter-magyar-socheaza-budapesta-cumnatul-sau-devine-ministru-al-justitiei","status":"publish","type":"post","link":"https:\/\/www.newsrecorder.ro\/app\/2026\/05\/01\/peter-magyar-socheaza-budapesta-cumnatul-sau-devine-ministru-al-justitiei\/","title":{"rendered":"P\u00e9ter Magyar \u0219ocheaz\u0103 Budapesta: Cumnatul s\u0103u devine ministru al Justi\u021biei!"},"content":{"rendered":"<p><strong><a style=\"color: #0000ff\" href=\"https:\/\/magyarnemzet.hu\/belfold\/2026\/05\/magyar-peter-sogor-tisza-mellethei-barna-marton-szdsz-mszp\">P\u00e9ter Magyar<\/a><\/strong>, pre\u0219edintele Partidului Tisza, a f\u0103cut un anun\u021b semnificativ: M\u00e1rton Mell\u00e9theti-Barna, cumnatul s\u0103u, va ocupa func\u021bia de ministru al justi\u021biei. Aceast\u0103 decizie a st\u00e2rnit multe reac\u021bii, av\u00e2nd \u00een vedere leg\u0103turile familiale implicate.<\/p>\n<p>Conform <a href=\"https:\/\/ellenpont.hu\/kicsoda-mellethei-barna-marton-a-tisza-uj-minisztere\" target=\"_blank\" rel=\"noopener\">Ellenpont<\/a>, viitorul ministru nu este un str\u0103in \u00een culisele Partidului Tisza. De c\u00e2teva luni, el a preluat conducerea Asocia\u021biei \u201eFii pentru Schimbare\u201d de la Zolt\u00e1n Tarr, consolid\u00e2ndu-\u0219i astfel influen\u021ba \u00een interiorul partidului.<\/p>\n<p id=\"caption-attachment-23729721\" class=\"wp-caption-text\">Facebook: Peter Magyar, \u00een st\u00e2nga, al\u0103turi de G\u00e1bor P\u00f3sfa, ministrul de Interne, \u0219i M\u00e1rton Mell\u00e9theti-Barna, cumnatul s\u0103u, \u00een dreapta.<\/p>\n<p>Numirea unui membru de familie \u00een func\u021bia de ministru ridic\u0103 semne de \u00eentrebare, evoc\u00e2nd stilul de guvernare al coali\u021biei MSZP-SZDSZ de dinainte de 2010. Organizarea rela\u021biilor politice \u0219i de afaceri prin intermediul re\u021belelor familiale nu este o noutate pe scena politic\u0103 maghiar\u0103, subliniaz\u0103 <strong><a style=\"color: #0000ff\" href=\"https:\/\/magyarnemzet.hu\/belfold\/2026\/05\/magyar-peter-sogor-tisza-mellethei-barna-marton-szdsz-mszp\">ziarul<\/a><\/strong>.<\/p>\n<p>M\u00e1rton \u00c1d\u00e1m Mell\u00e9thei-Barna, avocat \u0219i politician, a fost recent ales membru al Adun\u0103rii Na\u021bionale \u00een urma alegerilor din 2026. Anterior, el a \u00eendeplinit rolul de reprezentant legal pentru <a class=\"H23r4e\" href=\"https:\/\/telex.hu\/belfold\/2026\/04\/30\/mellethei-barna-marton-tisza-part-igazsagugyi-miniszter\" target=\"_blank\" rel=\"noopener\">Partidul Tisza<\/a>. De\u021bine propria firm\u0103 de avocatur\u0103, <em class=\"eujQNb\">Mell\u00e9thei-Barna Law Firm<\/em>, \u0219i a acumulat experien\u021b\u0103 valoroas\u0103 la firma interna\u021bional\u0103 <a class=\"H23r4e\" href=\"https:\/\/en.wikipedia.org\/wiki\/M%C3%A1rton_Mell%C3%A9thei-Barna\" target=\"_blank\" rel=\"noopener\">Freshfields<\/a>. A studiat la Universitatea Catolic\u0103 P\u00e1zm\u00e1ny P\u00e9ter, unde a fost coleg cu P\u00e9ter Magyar.<\/p>\n<p>M\u00e1rton este c\u0103s\u0103torit cu sora lui P\u00e9ter Magyar din toamna anului 2025 \u0219i este tat\u0103l a patru fiice. \u00cen aprilie 2026, el a fost o prezen\u021b\u0103 activ\u0103 \u00een negocierile parlamentare, \u00eenso\u021bindu-l pe P\u00e9ter Magyar \u00een Parlament. Numirea sa oficial\u0103 \u00een func\u021bia de ministru a fost confirmat\u0103 pe 30 aprilie 2026.<\/p>\n<p>Decizia lui P\u00e9ter Magyar de a numi un membru al familiei \u00een aceast\u0103 func\u021bie a generat dezbateri intense. Mul\u021bi consider\u0103 c\u0103 aceasta nu reprezint\u0103 o schimbare radical\u0103 \u00een cultura politic\u0103, ci mai degrab\u0103 o continuare a unei tradi\u021bii vechi de st\u00e2nga. Asta pune \u00een discu\u021bie competen\u021bele profesionale \u00een fa\u021ba loialit\u0103\u021bii familiale \u0219i personale, o tem\u0103 recurrent\u0103 \u00een via\u021ba public\u0103 maghiar\u0103.<\/p>\n<p><a href=\"https:\/\/magyarnemzet.hu\/belfold\/2026\/04\/csalodas-hiba-nepotizmus-kiakadtak-a-telex-kommenteloi-magyar-peterre\" target=\"_blank\" rel=\"noopener\">Partidul Tisza<\/a> a promovat ideea c\u0103 performan\u021ba \u0219i responsabilitatea ar trebui s\u0103 prevaleze asupra conexiunilor familiale, dar aceast\u0103 numire aduce \u00een prim-plan \u00eentreb\u0103ri legate de nepotism \u0219i meritocra\u021bie \u00een politica maghiar\u0103, conform analizei jurnali\u0219tilor.<\/p>\n","protected":false},"excerpt":{"rendered":"<p>P\u00e9ter Magyar, pre\u0219edintele Partidului Tisza, a f\u0103cut un anun\u021b semnificativ: M\u00e1rton Mell\u00e9theti-Barna, cumnatul s\u0103u, va ocupa func\u021bia de ministru al justi\u021biei. Aceast\u0103 decizie a st\u00e2rnit multe reac\u021bii, av\u00e2nd \u00een vedere leg\u0103turile familiale implicate. Conform Ellenpont, viitorul ministru nu este un str\u0103in \u00een culisele Partidului Tisza. De c\u00e2teva luni, el a preluat conducerea Asocia\u021biei \u201eFii pentru [&hellip;]<\/p>\n","protected":false},"author":2,"featured_media":16998,"comment_status":"open","ping_status":"open","sticky":false,"template":"","format":"standard","meta":{"jnews-multi-image_gallery":[],"jnews_single_post":[],"jnews_primary_category":[],"jnews_override_counter":[],"footnotes":""},"categories":[41],"tags":[19250,2841,5084,19249,5193,4748,19252,19251],"class_list":["post-16997","post","type-post","status-publish","format-standard","has-post-thumbnail","hentry","category-externe","tag-asociatia-fii-pentru-schimbare","tag-influenta-politica","tag-legaturi-familiale","tag-ministru-justitie","tag-partidul-tisza","tag-peter-magyar","tag-politica-maghiara","tag-retele-familiale"],"_links":{"self":[{"href":"https:\/\/www.newsrecorder.ro\/app\/wp-json\/wp\/v2\/posts\/16997","targetHints":{"allow":["GET"]}}],"collection":[{"href":"https:\/\/www.newsrecorder.ro\/app\/wp-json\/wp\/v2\/posts"}],"about":[{"href":"https:\/\/www.newsrecorder.ro\/app\/wp-json\/wp\/v2\/types\/post"}],"author":[{"embeddable":true,"href":"https:\/\/www.newsrecorder.ro\/app\/wp-json\/wp\/v2\/users\/2"}],"replies":[{"embeddable":true,"href":"https:\/\/www.newsrecorder.ro\/app\/wp-json\/wp\/v2\/comments?post=16997"}],"version-history":[{"count":0,"href":"https:\/\/www.newsrecorder.ro\/app\/wp-json\/wp\/v2\/posts\/16997\/revisions"}],"wp:featuredmedia":[{"embeddable":true,"href":"https:\/\/www.newsrecorder.ro\/app\/wp-json\/wp\/v2\/media\/16998"}],"wp:attachment":[{"href":"https:\/\/www.newsrecorder.ro\/app\/wp-json\/wp\/v2\/media?parent=16997"}],"wp:term":[{"taxonomy":"category","embeddable":true,"href":"https:\/\/www.newsrecorder.ro\/app\/wp-json\/wp\/v2\/categories?post=16997"},{"taxonomy":"post_tag","embeddable":true,"href":"https:\/\/www.newsrecorder.ro\/app\/wp-json\/wp\/v2\/tags?post=16997"}],"curies":[{"name":"wp","href":"https:\/\/api.w.org\/{rel}","templated":true}]}}