{"id":17003,"date":"2026-05-01T16:11:29","date_gmt":"2026-05-01T16:11:29","guid":{"rendered":"https:\/\/www.newsrecorder.ro\/app\/2026\/05\/01\/tragedie-in-texas-avion-mic-s-a-prabusit-5-vieti-pierdute\/"},"modified":"2026-05-01T16:11:29","modified_gmt":"2026-05-01T16:11:29","slug":"tragedie-in-texas-avion-mic-s-a-prabusit-5-vieti-pierdute","status":"publish","type":"post","link":"https:\/\/www.newsrecorder.ro\/app\/2026\/05\/01\/tragedie-in-texas-avion-mic-s-a-prabusit-5-vieti-pierdute\/","title":{"rendered":"Tragedie \u00een Texas: Avion mic s-a pr\u0103bu\u0219it, 5 vie\u021bi pierdute!"},"content":{"rendered":"<p>\u00cen noaptea de joi, \u00een jurul orei 23:25, un avion de mici dimensiuni s-a pr\u0103bu\u0219it \u00een Wimberley, un ora\u0219 situat la aproximativ 64 de kilometri sud-vest de Austin, Texas. Informa\u021bia a fost confirmat\u0103 de judec\u0103torul Ruben Becerra din comitatul Hays, conform unui raport al <a href=\"https:\/\/newsroom.ap.org\/detail\/AsmallplanehascrashedinTexasHillCountrykillingall5onboardcountyofficialsays\/57cd22e7f5d91eb68a04a43a66b4ab5a\/text?vs=false&amp;currentItemNo=12&amp;startingItemNo=0\" target=\"_blank\" rel=\"noopener\">AP News<\/a>.<\/p>\n<p>Administra\u021bia Federal\u0103 a Avia\u021biei a anun\u021bat c\u0103 avionul Cessna 421C, cu cinci persoane la bord, s-a pr\u0103bu\u0219it \u00een acea sear\u0103. Autorit\u0103\u021bile au precizat c\u0103 o investiga\u021bie a accidentului va fi realizat\u0103 \u00een colaborare cu Consiliul Na\u021bional pentru Siguran\u021ba Transporturilor.<\/p>\n<p>Judec\u0103torul Becerra a men\u021bionat c\u0103 informa\u021biile preliminare sugereaz\u0103 c\u0103 avionul se deplasa cu vitez\u0103 mare \u00een momentul pr\u0103bu\u0219irii. Deocamdat\u0103, numele victimelor nu au fost f\u0103cute publice, \u00eentruc\u00e2t familiile acestora nu au fost \u00eenc\u0103 \u00een\u0219tiin\u021bate. El a ad\u0103ugat c\u0103 o alt\u0103 aeronav\u0103, care se afla \u00een zon\u0103, a reu\u0219it s\u0103 aterizeze \u00een siguran\u021b\u0103 \u00een apropiere de San Antonio.<\/p>\n<p>Primarul ora\u0219ului Wimberley, Jim Chiles, a declarat c\u0103 nu dispune de informa\u021bii suplimentare referitoare la accident, conform acelea\u0219i surse.<\/p>\n<p>Wimberley, un ora\u0219 cu o popula\u021bie de aproximativ 3.000 de locuitori, este cunoscut ca o destina\u021bie turistic\u0103 popular\u0103 \u00een Texas, situat l\u00e2ng\u0103 r\u00e2ul Blanco.<\/p>\n","protected":false},"excerpt":{"rendered":"<p>\u00cen noaptea de joi, \u00een jurul orei 23:25, un avion de mici dimensiuni s-a pr\u0103bu\u0219it \u00een Wimberley, un ora\u0219 situat la aproximativ 64 de kilometri sud-vest de Austin, Texas. Informa\u021bia a fost confirmat\u0103 de judec\u0103torul Ruben Becerra din comitatul Hays, conform unui raport al AP News. Administra\u021bia Federal\u0103 a Avia\u021biei a anun\u021bat c\u0103 avionul Cessna [&hellip;]<\/p>\n","protected":false},"author":2,"featured_media":17004,"comment_status":"open","ping_status":"open","sticky":false,"template":"","format":"standard","meta":{"jnews-multi-image_gallery":[],"jnews_single_post":[],"jnews_primary_category":[],"jnews_override_counter":[],"footnotes":""},"categories":[41],"tags":[14273,19255,19257,1079,19258,17239,694,19256],"class_list":["post-17003","post","type-post","status-publish","format-standard","has-post-thumbnail","hentry","category-externe","tag-accident-aviatic","tag-avion-prabusit","tag-cessna-421c","tag-investigatie","tag-siguranta-transporturilor","tag-texas","tag-victime","tag-wimberley"],"_links":{"self":[{"href":"https:\/\/www.newsrecorder.ro\/app\/wp-json\/wp\/v2\/posts\/17003","targetHints":{"allow":["GET"]}}],"collection":[{"href":"https:\/\/www.newsrecorder.ro\/app\/wp-json\/wp\/v2\/posts"}],"about":[{"href":"https:\/\/www.newsrecorder.ro\/app\/wp-json\/wp\/v2\/types\/post"}],"author":[{"embeddable":true,"href":"https:\/\/www.newsrecorder.ro\/app\/wp-json\/wp\/v2\/users\/2"}],"replies":[{"embeddable":true,"href":"https:\/\/www.newsrecorder.ro\/app\/wp-json\/wp\/v2\/comments?post=17003"}],"version-history":[{"count":0,"href":"https:\/\/www.newsrecorder.ro\/app\/wp-json\/wp\/v2\/posts\/17003\/revisions"}],"wp:featuredmedia":[{"embeddable":true,"href":"https:\/\/www.newsrecorder.ro\/app\/wp-json\/wp\/v2\/media\/17004"}],"wp:attachment":[{"href":"https:\/\/www.newsrecorder.ro\/app\/wp-json\/wp\/v2\/media?parent=17003"}],"wp:term":[{"taxonomy":"category","embeddable":true,"href":"https:\/\/www.newsrecorder.ro\/app\/wp-json\/wp\/v2\/categories?post=17003"},{"taxonomy":"post_tag","embeddable":true,"href":"https:\/\/www.newsrecorder.ro\/app\/wp-json\/wp\/v2\/tags?post=17003"}],"curies":[{"name":"wp","href":"https:\/\/api.w.org\/{rel}","templated":true}]}}