{"id":17005,"date":"2026-05-01T16:11:58","date_gmt":"2026-05-01T16:11:58","guid":{"rendered":"https:\/\/www.newsrecorder.ro\/app\/2026\/05\/01\/zboruri-low-cost-in-pericol-care-companii-reduc-rutele-din-cauza-preturilor\/"},"modified":"2026-05-01T16:11:58","modified_gmt":"2026-05-01T16:11:58","slug":"zboruri-low-cost-in-pericol-care-companii-reduc-rutele-din-cauza-preturilor","status":"publish","type":"post","link":"https:\/\/www.newsrecorder.ro\/app\/2026\/05\/01\/zboruri-low-cost-in-pericol-care-companii-reduc-rutele-din-cauza-preturilor\/","title":{"rendered":"Zboruri low-cost \u00een pericol: care companii reduc rutele din cauza pre\u021burilor?"},"content":{"rendered":"<p>Companiile aeriene low-cost, precum Ryanair, Transavia \u0219i Volotea, se confrunt\u0103 cu provoc\u0103ri financiare severe din cauza cre\u0219terii pre\u021burilor la combustibilul pentru avioane, o consecin\u021b\u0103 direct\u0103 a conflictului din Orientul Mijlociu. Aceste dificult\u0103\u021bi le determin\u0103 s\u0103 reduc\u0103 num\u0103rul zborurilor, conform unui raport al <strong><a style=\"color: #0000ff\" href=\"https:\/\/www.afp.com\/?ebu_news_id=doc-A94P7T3&amp;ebu_news_org=AFP_EN&amp;ebu_news_language=en#ebu_s_id04c7774a-fef3-4415-a5dc-d8bbc0d1836b#ebu_newsdoc-A94P7T3&amp;AFP_EN&amp;en&amp;ebu_s_id04c7774a-fef3-4415-a5dc-d8bbc0d1836b\">AFP<\/a><\/strong>.<\/p>\n<p>\u00cenchiderea Str\u00e2mtorii Ormuz a provocat o reducere semnificativ\u0103 a aprovizion\u0103rii cu petrol, ceea ce a dus la o cre\u0219tere brusc\u0103 a pre\u021burilor combustibilului. Aceasta a generat temeri de posibile penurii, care ar putea obliga companiile aeriene s\u0103 anuleze zboruri.<\/p>\n<p>Reac\u021bia companiilor aeriene nu a \u00eent\u00e2rziat s\u0103 apar\u0103. \u201eAlert\u0103 de c\u0103l\u0103torie: companiile aeriene reduc mii de zboruri chiar acum\u201d, a afirmat Karen Schaler, gazda emisiunii Travel Therapy TV, \u00eentr-un interviu pe Instagram. \u201eRezerva\u021bi din timp.\u201d Acest mesaj reflect\u0103 \u00eengrijorarea directorului Ryanair, Michael O\u2019Leary, care a subliniat recent c\u0103 incertitudinea legat\u0103 de combustibil \u00eei determin\u0103 pe oameni s\u0103 am\u00e2ne rezerv\u0103rile. <\/p>\n<p>Companiile aeriene low-cost, care de\u021bin pu\u021bin peste o treime din pia\u021ba global\u0103, sunt primele afectate de aceste schimb\u0103ri, datorit\u0103 modelului lor de afaceri. Cu tarifele de zboruri mai mici, au o capacitate redus\u0103 de a suporta cre\u0219terea costurilor cu combustibilul.<\/p>\n<p>Unele dintre anul\u0103rile recente se pot datora ajust\u0103rilor normale, pe care companiile le fac atunci c\u00e2nd cererea nu se aliniaz\u0103 a\u0219tept\u0103rilor pe anumite rute. \u201eNu este neobi\u0219nuit ca transportatorii s\u0103 \u00ee\u0219i ajusteze orarele \u00een aceast\u0103 perioad\u0103 a anului\u201d, a declarat analistul financiar Dudley Shanley de la banca Goodbody pentru AFP. Totu\u0219i, el a subliniat c\u0103, dac\u0103 pre\u021burile combustibilului vor r\u0103m\u00e2ne ridicate, companiile low-cost vor fi nevoite s\u0103 fac\u0103 reduceri mai semnificative.<\/p>\n<p>\u00cenainte de izbucnirea conflictului, multe companii aeriene reu\u0219eau s\u0103 men\u021bin\u0103 rute marginal profitabile sau chiar neprofitabile. Cu toate acestea, acum, cre\u0219terea pre\u021burilor le va obliga s\u0103 ia decizii dificile, mai ales \u00een timpul sezonului de v\u00e2rf al c\u0103l\u0103toriilor de var\u0103. \u201eDin p\u0103cate, este foarte probabil ca vacan\u021bele multor oameni s\u0103 fie afectate, fie de anul\u0103rile zborurilor, fie de tarifele foarte mari\u201d, a declarat comisarul UE pentru energie, Dan Jorgensen, pentru Sky News.<\/p>\n<p>Reac\u021bia companiilor aeriene depinde \u0219i de modul \u00een care \u0219i-au asigurat \u00een prealabil aprovizionarea cu combustibil la pre\u021buri fixe. De obicei, companiile europene fac acest lucru \u00eentr-o m\u0103sur\u0103 mai mare comparativ cu concuren\u021bii lor din alte p\u0103r\u021bi ale lumii. De exemplu, Air Transat, o companie aerian\u0103 low-cost din Canada, a redus programul s\u0103u de zboruri cu \u0219ase procente pentru perioada mai-octombrie.<\/p>\n<p>AirAsia X, cel mai mare transportator low-cost din Asia de Sud-Est, a anun\u021bat c\u0103 va reduce num\u0103rul zborurilor \u0219i unele conexiuni, dar nu a oferit detalii specifice. La \u00eenceputul acestei luni, compania a majorat tarifele cu p\u00e2n\u0103 la 40% \u0219i a redus aproximativ 10% din totalul zborurilor. Pe de alt\u0103 parte, Wizz Air, compania aerian\u0103 low-cost din Ungaria, a decis s\u0103 nu reduc\u0103 capacitatea, argument\u00e2nd c\u0103 ceilal\u021bi transportatori vor face acest lucru. \u201eNu trebuie s\u0103 alergi mai repede dec\u00e2t ursul, ci mai repede dec\u00e2t tipul de l\u00e2ng\u0103 tine\u201d, a spus directorul executiv Jozsef Varadi.<\/p>\n<p>Reduceri semnificative de zboruri au fost anun\u021bate recent \u0219i de grupul german Lufthansa, care va elimina 20.000 de zboruri din programul s\u0103u p\u00e2n\u0103 \u00een octombrie, \u00een timp ce Air France-KLM a redus cu dou\u0103 procente zborurile la filiala sa low-cost Transavia. KLM a men\u021binut anul\u0103rile la un procent din zborurile sale europene.<\/p>\n<p>\u00cen ceea ce prive\u0219te Ryanair, compania nu a f\u0103cut referire direct\u0103 la pre\u021burile combustibilului, ci la costurile \u0219i taxele ridicate, atunci c\u00e2nd a anun\u021bat c\u0103 va reduce zborurile c\u0103tre \u0219i dinspre Berlin \u00eencep\u00e2nd cu luna octombrie. De asemenea, aceasta va reduce cu 10% zborurile din Dublin, invoc\u00e2nd capacitatea limitat\u0103 a aeroportului. \u00cen ultimele s\u0103pt\u0103m\u00e2ni, Volotea a redus aproape un procent din zborurile sale din programul de var\u0103, adapt\u00e2ndu-se astfel la noile condi\u021bii de pia\u021b\u0103.<\/p>\n","protected":false},"excerpt":{"rendered":"<p>Companiile aeriene low-cost, precum Ryanair, Transavia \u0219i Volotea, se confrunt\u0103 cu provoc\u0103ri financiare severe din cauza cre\u0219terii pre\u021burilor la combustibilul pentru avioane, o consecin\u021b\u0103 direct\u0103 a conflictului din Orientul Mijlociu. Aceste dificult\u0103\u021bi le determin\u0103 s\u0103 reduc\u0103 num\u0103rul zborurilor, conform unui raport al AFP. \u00cenchiderea Str\u00e2mtorii Ormuz a provocat o reducere semnificativ\u0103 a aprovizion\u0103rii cu petrol, [&hellip;]<\/p>\n","protected":false},"author":2,"featured_media":17006,"comment_status":"open","ping_status":"open","sticky":false,"template":"","format":"standard","meta":{"jnews-multi-image_gallery":[],"jnews_single_post":[],"jnews_primary_category":[],"jnews_override_counter":[],"footnotes":""},"categories":[41],"tags":[8790,9129,1846,19259,9709,14468,8772,4082],"class_list":["post-17005","post","type-post","status-publish","format-standard","has-post-thumbnail","hentry","category-externe","tag-companii-aeriene","tag-conflict-orientul-mijlociu","tag-low-cost","tag-penurii","tag-preturi-combustibil","tag-ryanair","tag-stramtoarea-ormuz","tag-zboruri"],"_links":{"self":[{"href":"https:\/\/www.newsrecorder.ro\/app\/wp-json\/wp\/v2\/posts\/17005","targetHints":{"allow":["GET"]}}],"collection":[{"href":"https:\/\/www.newsrecorder.ro\/app\/wp-json\/wp\/v2\/posts"}],"about":[{"href":"https:\/\/www.newsrecorder.ro\/app\/wp-json\/wp\/v2\/types\/post"}],"author":[{"embeddable":true,"href":"https:\/\/www.newsrecorder.ro\/app\/wp-json\/wp\/v2\/users\/2"}],"replies":[{"embeddable":true,"href":"https:\/\/www.newsrecorder.ro\/app\/wp-json\/wp\/v2\/comments?post=17005"}],"version-history":[{"count":0,"href":"https:\/\/www.newsrecorder.ro\/app\/wp-json\/wp\/v2\/posts\/17005\/revisions"}],"wp:featuredmedia":[{"embeddable":true,"href":"https:\/\/www.newsrecorder.ro\/app\/wp-json\/wp\/v2\/media\/17006"}],"wp:attachment":[{"href":"https:\/\/www.newsrecorder.ro\/app\/wp-json\/wp\/v2\/media?parent=17005"}],"wp:term":[{"taxonomy":"category","embeddable":true,"href":"https:\/\/www.newsrecorder.ro\/app\/wp-json\/wp\/v2\/categories?post=17005"},{"taxonomy":"post_tag","embeddable":true,"href":"https:\/\/www.newsrecorder.ro\/app\/wp-json\/wp\/v2\/tags?post=17005"}],"curies":[{"name":"wp","href":"https:\/\/api.w.org\/{rel}","templated":true}]}}