{"id":17007,"date":"2026-05-01T16:50:30","date_gmt":"2026-05-01T16:50:30","guid":{"rendered":"https:\/\/www.newsrecorder.ro\/app\/2026\/05\/01\/cnn-iran-a-avariat-majoritatea-bazelor-militare-americane-din-orientul-mijlociu\/"},"modified":"2026-05-01T16:50:30","modified_gmt":"2026-05-01T16:50:30","slug":"cnn-iran-a-avariat-majoritatea-bazelor-militare-americane-din-orientul-mijlociu","status":"publish","type":"post","link":"https:\/\/www.newsrecorder.ro\/app\/2026\/05\/01\/cnn-iran-a-avariat-majoritatea-bazelor-militare-americane-din-orientul-mijlociu\/","title":{"rendered":"CNN: Iran a avariat majoritatea bazelor militare americane din Orientul Mijlociu!"},"content":{"rendered":"<p>Recent, o investiga\u021bie realizat\u0103 de CNN a scos la iveal\u0103 faptul c\u0103 cel pu\u021bin 16 pozi\u021bii militare americane din Orientul Mijlociu au fost avariate \u00een urma atacurilor Iranului. Aceste baze reprezint\u0103 majoritatea prezen\u021bei militare americane din regiune, iar pagubele provocate sunt semnificative, ridic\u00e2nd astfel \u00eentreb\u0103ri cu privire la strategia \u0219i amprenta militar\u0103 a Statelor Unite \u00een zon\u0103.<\/p>\n<p>Potrivit raportului, cele <strong>16 situri militare<\/strong> afectate se afl\u0103 \u00een opt \u021b\u0103ri din Orientul Mijlociu. Conform surselor citate, inclusiv CNN, <a href=\"https:\/\/www.nytimes.com\/interactive\/2026\/03\/11\/world\/middleeast\/iran-us-military-bases-strikes-map.html\" target=\"_blank\" rel=\"noopener\">The New York Times<\/a> \u0219i <a href=\"https:\/\/www.nbcnews.com\/world\/iran\/iran-caused-extensive-damage-us-military-bases-publicly-known-rcna331853\" target=\"_blank\" rel=\"noopener\">NBC News<\/a>, atacurile au vizat infrastructuri esen\u021biale, inclusiv:<\/p>\n<ul>\n<li>Sisteme radar de \u00eenalt\u0103 valoare, terminale de comunica\u021bii prin satelit \u0219i component\u0103 de ap\u0103rare aerian\u0103, printre care THAAD.<\/li>\n<li>Facilit\u0103\u021bi descrise ca fiind \u201epractic neutilizabile\u201d sau \u201enelocuibile\u201d. Costurile estimative pentru repara\u021bii se ridic\u0103 \u00eentre <strong>5 miliarde \u0219i 25 de miliarde de dolari<\/strong>, cu sugestii c\u0103 impactul economic total ar putea fi considerabil mai mare.<\/li>\n<li>Aproximativ 140-155 de militari americani au fost r\u0103ni\u021bi, iar cel pu\u021bin 8 au decedat \u00eencep\u00e2nd cu data de 28 februarie 2026.<\/li>\n<\/ul>\n<p>Atacurile Iranului au vizat diverse \u021b\u0103ri \u00een care se afl\u0103 baze americane:<\/p>\n<ul>\n<li><strong>Bahrain<\/strong>: Cartierul general al Flotei a V-a a SUA din Manama a suferit daune extinse, estimate la 200 de milioane de dolari.<\/li>\n<li><strong>Kuwait<\/strong>: Baza aerian\u0103 Ali Al Salem \u0219i Camp Buehring au fost atacate, cu daune semnificative raportate la hangare \u0219i piste.<\/li>\n<li><strong>Qatar<\/strong>: Baza aerian\u0103 Al Udeid, cea mai mare din regiune, a fost lovit\u0103, \u00eempreun\u0103 cu un radar de avertizare timpurie \u00een valoare de 1,1 miliarde de dolari.<\/li>\n<li><strong>Arabia Saudit\u0103<\/strong>: Baza aerian\u0103 Prince Sultan a suportat distrugeri semnificative \u00een infrastructura de comunica\u021bii \u0219i sisteme radar.<\/li>\n<li><strong>Emiratele Arabe Unite<\/strong>: Bazele Al Dhafra \u0219i Al Ruwais au fost confirmate ca fiind \u021binte prin imagini satelitare.<\/li>\n<li><strong>Iordania<\/strong>: Baza aerian\u0103 Muwaffaq Salti a fost atacat\u0103, cu avarii raportate la sistemele de interceptare a rachetelor.<\/li>\n<\/ul>\n<p>Aceste evenimente subliniaz\u0103 intensificarea tensiunilor \u00een regiune \u0219i provoc\u0103rile cu care se confrunt\u0103 Statele Unite \u00een men\u021binerea securit\u0103\u021bii \u0219i stabilit\u0103\u021bii \u00een Orientul Mijlociu.<\/p>\n","protected":false},"excerpt":{"rendered":"<p>Recent, o investiga\u021bie realizat\u0103 de CNN a scos la iveal\u0103 faptul c\u0103 cel pu\u021bin 16 pozi\u021bii militare americane din Orientul Mijlociu au fost avariate \u00een urma atacurilor Iranului. Aceste baze reprezint\u0103 majoritatea prezen\u021bei militare americane din regiune, iar pagubele provocate sunt semnificative, ridic\u00e2nd astfel \u00eentreb\u0103ri cu privire la strategia \u0219i amprenta militar\u0103 a Statelor Unite [&hellip;]<\/p>\n","protected":false},"author":2,"featured_media":17008,"comment_status":"open","ping_status":"open","sticky":false,"template":"","format":"standard","meta":{"jnews-multi-image_gallery":[],"jnews_single_post":[],"jnews_primary_category":[],"jnews_override_counter":[],"footnotes":""},"categories":[41],"tags":[1084,9377,1661,19261,460,913,2211,19260],"class_list":["post-17007","post","type-post","status-publish","format-standard","has-post-thumbnail","hentry","category-externe","tag-atacuri","tag-baze-militare","tag-cnn","tag-costuri-reparatii","tag-infrastructura","tag-iran","tag-orientul-mijlociu","tag-strategia-militara"],"_links":{"self":[{"href":"https:\/\/www.newsrecorder.ro\/app\/wp-json\/wp\/v2\/posts\/17007","targetHints":{"allow":["GET"]}}],"collection":[{"href":"https:\/\/www.newsrecorder.ro\/app\/wp-json\/wp\/v2\/posts"}],"about":[{"href":"https:\/\/www.newsrecorder.ro\/app\/wp-json\/wp\/v2\/types\/post"}],"author":[{"embeddable":true,"href":"https:\/\/www.newsrecorder.ro\/app\/wp-json\/wp\/v2\/users\/2"}],"replies":[{"embeddable":true,"href":"https:\/\/www.newsrecorder.ro\/app\/wp-json\/wp\/v2\/comments?post=17007"}],"version-history":[{"count":0,"href":"https:\/\/www.newsrecorder.ro\/app\/wp-json\/wp\/v2\/posts\/17007\/revisions"}],"wp:featuredmedia":[{"embeddable":true,"href":"https:\/\/www.newsrecorder.ro\/app\/wp-json\/wp\/v2\/media\/17008"}],"wp:attachment":[{"href":"https:\/\/www.newsrecorder.ro\/app\/wp-json\/wp\/v2\/media?parent=17007"}],"wp:term":[{"taxonomy":"category","embeddable":true,"href":"https:\/\/www.newsrecorder.ro\/app\/wp-json\/wp\/v2\/categories?post=17007"},{"taxonomy":"post_tag","embeddable":true,"href":"https:\/\/www.newsrecorder.ro\/app\/wp-json\/wp\/v2\/tags?post=17007"}],"curies":[{"name":"wp","href":"https:\/\/api.w.org\/{rel}","templated":true}]}}