{"id":17009,"date":"2026-05-01T16:50:51","date_gmt":"2026-05-01T16:50:51","guid":{"rendered":"https:\/\/www.newsrecorder.ro\/app\/2026\/05\/01\/brutariile-franceze-deschise-de-1-mai-lecornu-in-cautarea-baghetelor\/"},"modified":"2026-05-01T16:50:51","modified_gmt":"2026-05-01T16:50:51","slug":"brutariile-franceze-deschise-de-1-mai-lecornu-in-cautarea-baghetelor","status":"publish","type":"post","link":"https:\/\/www.newsrecorder.ro\/app\/2026\/05\/01\/brutariile-franceze-deschise-de-1-mai-lecornu-in-cautarea-baghetelor\/","title":{"rendered":"Brut\u0103riile franceze, deschise de 1 Mai: Lecornu, \u00een c\u0103utarea baghetelor!"},"content":{"rendered":"<p>Vineri, brut\u0103riile din Fran\u021ba au fost deschise cu ajutorul guvernului, provoc\u00e2nd nemul\u021bumirea sindicatelor care sus\u021bin c\u0103 Ziua Muncii, celebrat\u0103 pe 1 Mai, ar trebui s\u0103 r\u0103m\u00e2n\u0103 o zi dedicat\u0103 odihnei obligatorii, conform unui raport de la <a href=\"https:\/\/www.france24.com\/en\/france\/20260501-baguettes-take-centre-stage-on-france-s-labour-day\" target=\"_blank\" rel=\"noopener\">France 24<\/a>.<\/p>\n<p>Prim-ministrul S\u00e9bastien Lecornu a fost v\u0103zut comand\u00e2nd mai multe baghete \u00een fa\u021ba camerelor de filmat, \u00een satul Saint-Julien-Chapteuil, situat \u00een centrul Fran\u021bei. \u201eHai s\u0103 avem mai multe&#8230; cel pu\u021bin patru\u201d, a spus el, subliniind importan\u021ba unui nou proiect de lege ce vizeaz\u0103 scutirea magazinelor independente de p\u00e2ine \u0219i flor\u0103rii de obliga\u021bia de a respecta ziua de odihn\u0103 pe 1 Mai, conform acelea\u0219i surse.<\/p>\n<p>Legea francez\u0103 stipuleaz\u0103 c\u0103 \u201e1 mai este zi de s\u0103rb\u0103toare legal\u0103 \u0219i nelucr\u0103toare\u201d. Totu\u0219i, anumite servicii esen\u021biale, cum ar fi spitalele \u0219i hotelurile, pot r\u0103m\u00e2ne deschise, dar cu condi\u021bia ca personalul s\u0103 fie pl\u0103tit la dublu.<\/p>\n<p>A existat o neclaritate \u00een privin\u021ba legalit\u0103\u021bii deschiderii brut\u0103riilor \u00een aceast\u0103 zi. Inspectorii muncii au raportat anul trecut cinci brutari pentru activitate profesional\u0103 pe 1 Mai, ceea ce a dus la judecarea lor. To\u021bi au fost achita\u021bi, dar situa\u021bia a generat un val de discu\u021bii \u00een \u00eentreaga Fran\u021b\u0103.<\/p>\n<p>Guvernul a \u00eencurajat, la \u00eenceputul acestei s\u0103pt\u0103m\u00e2ni, brutarii s\u0103 \u00ee\u0219i desf\u0103\u0219oare activitatea pe 1 Mai, argument\u00e2nd c\u0103 ace\u0219tia sunt \u201eindispensabili pentru continuitatea vie\u021bii sociale\u201d. \u00cen plus, a subliniat c\u0103 flor\u0103riile ar trebui s\u0103 fie deschise pentru a vinde l\u0103cr\u0103mioare parfumate, un simbol tradi\u021bional al acestei zile \u00een Fran\u021ba.<\/p>\n<p>Miercuri, cabinetul a propus un proiect de lege, care nu a fost \u00eenc\u0103 votat \u00een parlament, ce permite at\u00e2t brut\u0103riilor, c\u00e2t \u0219i flor\u0103riilor s\u0103 \u00ee\u0219i deschid\u0103 por\u021bile \u00een prima zi a lunii mai, cu condi\u021bia ca angaja\u021bii s\u0103 se ofere voluntar, \u00een scris, s\u0103 lucreze \u0219i s\u0103 fie compensa\u021bi cu salarii duble.<\/p>\n<p>Cu toate acestea, principalele sindicate din Fran\u021ba sus\u021bin c\u0103 niciun angajat nu este cu adev\u0103rat liber s\u0103 se ofere voluntar, mai ales atunci c\u00e2nd este preocupat de men\u021binerea unui loc de munc\u0103. Acestea \u00ee\u0219i exprim\u0103 temerile c\u0103, \u00een cur\u00e2nd, to\u021bi lucr\u0103torii francezi ar putea fi obliga\u021bi s\u0103 munceasc\u0103 \u00een ziua de s\u0103rb\u0103toare.<\/p>\n","protected":false},"excerpt":{"rendered":"<p>Vineri, brut\u0103riile din Fran\u021ba au fost deschise cu ajutorul guvernului, provoc\u00e2nd nemul\u021bumirea sindicatelor care sus\u021bin c\u0103 Ziua Muncii, celebrat\u0103 pe 1 Mai, ar trebui s\u0103 r\u0103m\u00e2n\u0103 o zi dedicat\u0103 odihnei obligatorii, conform unui raport de la France 24. Prim-ministrul S\u00e9bastien Lecornu a fost v\u0103zut comand\u00e2nd mai multe baghete \u00een fa\u021ba camerelor de filmat, \u00een satul [&hellip;]<\/p>\n","protected":false},"author":2,"featured_media":17010,"comment_status":"open","ping_status":"open","sticky":false,"template":"","format":"standard","meta":{"jnews-multi-image_gallery":[],"jnews_single_post":[],"jnews_primary_category":[],"jnews_override_counter":[],"footnotes":""},"categories":[41],"tags":[19262,473,301,1896,19264,13448,3888,19263],"class_list":["post-17009","post","type-post","status-publish","format-standard","has-post-thumbnail","hentry","category-externe","tag-brutarii","tag-franta","tag-guvern","tag-lege","tag-odihna","tag-servicii-esentiale","tag-sindicate","tag-ziua-muncii"],"_links":{"self":[{"href":"https:\/\/www.newsrecorder.ro\/app\/wp-json\/wp\/v2\/posts\/17009","targetHints":{"allow":["GET"]}}],"collection":[{"href":"https:\/\/www.newsrecorder.ro\/app\/wp-json\/wp\/v2\/posts"}],"about":[{"href":"https:\/\/www.newsrecorder.ro\/app\/wp-json\/wp\/v2\/types\/post"}],"author":[{"embeddable":true,"href":"https:\/\/www.newsrecorder.ro\/app\/wp-json\/wp\/v2\/users\/2"}],"replies":[{"embeddable":true,"href":"https:\/\/www.newsrecorder.ro\/app\/wp-json\/wp\/v2\/comments?post=17009"}],"version-history":[{"count":0,"href":"https:\/\/www.newsrecorder.ro\/app\/wp-json\/wp\/v2\/posts\/17009\/revisions"}],"wp:featuredmedia":[{"embeddable":true,"href":"https:\/\/www.newsrecorder.ro\/app\/wp-json\/wp\/v2\/media\/17010"}],"wp:attachment":[{"href":"https:\/\/www.newsrecorder.ro\/app\/wp-json\/wp\/v2\/media?parent=17009"}],"wp:term":[{"taxonomy":"category","embeddable":true,"href":"https:\/\/www.newsrecorder.ro\/app\/wp-json\/wp\/v2\/categories?post=17009"},{"taxonomy":"post_tag","embeddable":true,"href":"https:\/\/www.newsrecorder.ro\/app\/wp-json\/wp\/v2\/tags?post=17009"}],"curies":[{"name":"wp","href":"https:\/\/api.w.org\/{rel}","templated":true}]}}