{"id":17017,"date":"2026-05-01T18:35:47","date_gmt":"2026-05-01T18:35:47","guid":{"rendered":"https:\/\/www.newsrecorder.ro\/app\/2026\/05\/01\/trump-impune-tarife-de-25-pe-masinile-din-ue-acordul-comercial-in-pericol\/"},"modified":"2026-05-01T18:35:47","modified_gmt":"2026-05-01T18:35:47","slug":"trump-impune-tarife-de-25-pe-masinile-din-ue-acordul-comercial-in-pericol","status":"publish","type":"post","link":"https:\/\/www.newsrecorder.ro\/app\/2026\/05\/01\/trump-impune-tarife-de-25-pe-masinile-din-ue-acordul-comercial-in-pericol\/","title":{"rendered":"Trump impune tarife de 25% pe ma\u0219inile din UE: Acordul comercial \u00een pericol!"},"content":{"rendered":"<p>\u00centr-un anun\u021b surprinz\u0103tor, Donald Trump a dezv\u0103luit pe platforma sa de socializare, Truth Social, c\u0103 va implementa o cre\u0219tere a tarifelor pentru vehiculele importate \u00een Statele Unite. Aceast\u0103 m\u0103sur\u0103 va intra \u00een vigoare \u00eencep\u00e2nd de s\u0103pt\u0103m\u00e2na viitoare.<\/p>\n<p>\u201eAv\u00e2nd \u00een vedere c\u0103 Uniunea European\u0103 nu respect\u0103 acordul nostru comercial stabilit, voi majora tarifele la 25% pentru ma\u0219inile \u0219i camioanele care ajung pe teritoriul american\u201d, a declarat Trump, subliniind astfel intensificarea tensiunilor comerciale dintre SUA \u0219i Europa.<\/p>\n<p>\u00cen acela\u0219i timp, pre\u0219edintele american a f\u0103cut clar c\u0103 aceast\u0103 m\u0103sur\u0103 nu se va aplica produc\u0103torilor care \u00ee\u0219i desf\u0103\u0219oar\u0103 activitatea de fabrica\u021bie \u00een interiorul Statelor Unite. \u201eEste pe deplin \u00een\u021beles \u0219i agreat c\u0103, dac\u0103 produc ma\u0219ini \u0219i camioane \u00een fabrici din SUA, nu va exista niciun tarif\u201d, a ad\u0103ugat el.<\/p>\n<p>Trump a men\u021bionat, de asemenea, c\u0103 \u00een prezent exist\u0103 numeroase fabrici auto \u00een construc\u021bie \u00een America, cu investi\u021bii totale dep\u0103\u0219ind 100 de miliarde de dolari, pe care le-a caracterizat drept \u201eun record \u00een istoria produc\u021biei auto\u201d. Acest lucru sugereaz\u0103 o expansiune semnificativ\u0103 a sectorului auto american.<\/p>\n<p>Decizia de cre\u0219tere a tarifelor ar putea avea un impact considerabil asupra marilor produc\u0103tori auto europeni, precum Volkswagen AG, Mercedes-Benz Group AG \u0219i BMW AG, care sunt foarte expu\u0219i pe pia\u021ba american\u0103. Aceste m\u0103suri protec\u021bioniste ar putea schimba drastic peisajul comercial \u0219i rela\u021biile dintre aceste companii \u0219i Statele Unite.<\/p>\n","protected":false},"excerpt":{"rendered":"<p>\u00centr-un anun\u021b surprinz\u0103tor, Donald Trump a dezv\u0103luit pe platforma sa de socializare, Truth Social, c\u0103 va implementa o cre\u0219tere a tarifelor pentru vehiculele importate \u00een Statele Unite. Aceast\u0103 m\u0103sur\u0103 va intra \u00een vigoare \u00eencep\u00e2nd de s\u0103pt\u0103m\u00e2na viitoare. \u201eAv\u00e2nd \u00een vedere c\u0103 Uniunea European\u0103 nu respect\u0103 acordul nostru comercial stabilit, voi majora tarifele la 25% pentru [&hellip;]<\/p>\n","protected":false},"author":4,"featured_media":17018,"comment_status":"open","ping_status":"open","sticky":false,"template":"","format":"standard","meta":{"jnews-multi-image_gallery":[],"jnews_single_post":[],"jnews_primary_category":[],"jnews_override_counter":[],"footnotes":""},"categories":[40],"tags":[15276,31,19270,788,7213,3483,321,19269],"class_list":["post-17017","post","type-post","status-publish","format-standard","has-post-thumbnail","hentry","category-econonie","tag-camioane","tag-jnews_demo_donald-trump","tag-fabricatie","tag-masini","tag-tarif","tag-tensiuni-comerciale","tag-uniunea-europeana","tag-vehicule-importate"],"_links":{"self":[{"href":"https:\/\/www.newsrecorder.ro\/app\/wp-json\/wp\/v2\/posts\/17017","targetHints":{"allow":["GET"]}}],"collection":[{"href":"https:\/\/www.newsrecorder.ro\/app\/wp-json\/wp\/v2\/posts"}],"about":[{"href":"https:\/\/www.newsrecorder.ro\/app\/wp-json\/wp\/v2\/types\/post"}],"author":[{"embeddable":true,"href":"https:\/\/www.newsrecorder.ro\/app\/wp-json\/wp\/v2\/users\/4"}],"replies":[{"embeddable":true,"href":"https:\/\/www.newsrecorder.ro\/app\/wp-json\/wp\/v2\/comments?post=17017"}],"version-history":[{"count":0,"href":"https:\/\/www.newsrecorder.ro\/app\/wp-json\/wp\/v2\/posts\/17017\/revisions"}],"wp:featuredmedia":[{"embeddable":true,"href":"https:\/\/www.newsrecorder.ro\/app\/wp-json\/wp\/v2\/media\/17018"}],"wp:attachment":[{"href":"https:\/\/www.newsrecorder.ro\/app\/wp-json\/wp\/v2\/media?parent=17017"}],"wp:term":[{"taxonomy":"category","embeddable":true,"href":"https:\/\/www.newsrecorder.ro\/app\/wp-json\/wp\/v2\/categories?post=17017"},{"taxonomy":"post_tag","embeddable":true,"href":"https:\/\/www.newsrecorder.ro\/app\/wp-json\/wp\/v2\/tags?post=17017"}],"curies":[{"name":"wp","href":"https:\/\/api.w.org\/{rel}","templated":true}]}}