{"id":17021,"date":"2026-05-01T19:06:17","date_gmt":"2026-05-01T19:06:17","guid":{"rendered":"https:\/\/www.newsrecorder.ro\/app\/2026\/05\/01\/bucuresti-sub-asediul-vremii-rece-ploios-si-vantos-in-zilele-urmatoare\/"},"modified":"2026-05-01T19:06:17","modified_gmt":"2026-05-01T19:06:17","slug":"bucuresti-sub-asediul-vremii-rece-ploios-si-vantos-in-zilele-urmatoare","status":"publish","type":"post","link":"https:\/\/www.newsrecorder.ro\/app\/2026\/05\/01\/bucuresti-sub-asediul-vremii-rece-ploios-si-vantos-in-zilele-urmatoare\/","title":{"rendered":"Bucure\u0219ti sub asediul vremii: Rece, ploios \u0219i v\u00e2ntos \u00een zilele urm\u0103toare!"},"content":{"rendered":"<p>Conform <a href=\"https:\/\/www.meteoromania.ro\/\" target=\"_blank\" rel=\"noopener\">Administra\u021biei Na\u021bionale de Meteorologie<\/a>, perioada cuprins\u0103 \u00eentre 29 aprilie, ora 09:00 \u0219i 2 mai, ora 10:00, va fi marcat\u0103 de o informare meteorologic\u0103 ce indic\u0103 condi\u021bii meteo extrem de reci pentru aceast\u0103 dat\u0103 din an.<\/p>\n<p><strong>29\u201330 aprilie: R\u0103cire accentuat\u0103 \u0219i ploi<\/strong><\/p>\n<p>\u00cen intervalul 29 aprilie, ora 09:00 p\u00e2n\u0103 pe 30 aprilie, ora 09:00, vremea se va r\u0103ci semnificativ comparativ cu zilele anterioare. Cerul va fi predominant noros, cu ploi ce se vor manifesta temporar pe parcursul zilei. V\u00e2ntul va sufla moderat, accentu\u00e2nd senza\u021bia de frig. Temperatura maxim\u0103 va sc\u0103dea la 13\u201314 grade Celsius, iar minima se va situa \u00eentre 5 \u0219i 7 grade.<\/p>\n<p><strong>30 aprilie \u2013 1 mai: Frig deosebit pentru aceast\u0103 perioad\u0103<\/strong><\/p>\n<p>R\u0103cirea va continua s\u0103 se intensifice \u00eentre 30 aprilie, ora 09:00 \u0219i 1 mai, ora 09:00, c\u00e2nd vremea va deveni deosebit de rece pentru finalul lunii aprilie. Cerul va fi acoperit de nori, iar ploile vor fi mai frecvente, \u00een special pe parcursul zilei \u0219i seara. V\u00e2ntul va sufla moderat, cu intensific\u0103ri ce vor putea atinge viteze de 35\u201345 km\/h. Temperaturile maxime vor sc\u0103dea la aproximativ 8 grade Celsius, iar minimele vor ajunge la 3\u20134 grade, cu valori chiar mai sc\u0103zute, de p\u00e2n\u0103 la 1 grad, \u00een zonele periferice ale ora\u0219ului.<\/p>\n<p><strong>1\u20132 mai: Vreme rece \u0219i instabil\u0103<\/strong><\/p>\n<p>\u00centre 1 mai, ora 09:00 \u0219i 2 mai, ora 10:00, condi\u021biile meteo vor r\u0103m\u00e2ne deosebit de reci pentru aceast\u0103 perioad\u0103. Temperatura maxim\u0103 va cre\u0219te u\u0219or, ating\u00e2nd 12\u201314 grade, dar nop\u021bile vor continua s\u0103 fie reci, cu minime de 3\u20134 grade \u0219i valori apropiate de 1 grad \u00een zonele preor\u0103\u0219ene\u0219ti. Cerul va fi temporar \u00eennorat, iar ploile vor ap\u0103rea \u00een special \u00een a doua parte a zilei. V\u00e2ntul va continua s\u0103 fie moderat.<\/p>\n<p><strong>Informare meteo \u00een vigoare<\/strong><\/p>\n<p>Bucure\u0219tiul se afl\u0103 sub o informare meteorologic\u0103 pentru <a href=\"https:\/\/www.mediafax.ro\/meteo\/se-strica-vremea-in-romania-va-fi-frig-si-in-unele-zone-va-ninge-23727660\" target=\"_blank\" rel=\"noopener\">vreme deosebit de rece<\/a>, ploi moderate cantitativ \u0219i intensific\u0103ri ale v\u00e2ntului pe \u00eentreaga durat\u0103 a acestui episod. Administra\u021bia Na\u021bional\u0103 de Meteorologie subliniaz\u0103 c\u0103 prognoza poate suferi modific\u0103ri \u00een func\u021bie de evolu\u021bia fenomenelor meteorologice, inclusiv prin emiterea unor avertiz\u0103ri de tip nowcasting pentru fenomene severe imediate.<\/p>\n<p>Acest episod de r\u0103cire apare \u00eentr-un context \u00een care temperaturile normale pentru aceast\u0103 perioad\u0103 ar fi trebuit s\u0103 fie considerabil mai ridicate, ceea ce va accentua senza\u021bia de frig resim\u021bit\u0103 de locuitorii Capitalei.<\/p>\n","protected":false},"excerpt":{"rendered":"<p>Conform Administra\u021biei Na\u021bionale de Meteorologie, perioada cuprins\u0103 \u00eentre 29 aprilie, ora 09:00 \u0219i 2 mai, ora 10:00, va fi marcat\u0103 de o informare meteorologic\u0103 ce indic\u0103 condi\u021bii meteo extrem de reci pentru aceast\u0103 dat\u0103 din an. 29\u201330 aprilie: R\u0103cire accentuat\u0103 \u0219i ploi \u00cen intervalul 29 aprilie, ora 09:00 p\u00e2n\u0103 pe 30 aprilie, ora 09:00, vremea [&hellip;]<\/p>\n","protected":false},"author":5,"featured_media":17022,"comment_status":"open","ping_status":"open","sticky":false,"template":"","format":"standard","meta":{"jnews-multi-image_gallery":[],"jnews_single_post":[],"jnews_primary_category":[],"jnews_override_counter":[],"footnotes":""},"categories":[45],"tags":[4334,1808,4028,12471,16275,81,3166,139],"class_list":["post-17021","post","type-post","status-publish","format-standard","has-post-thumbnail","hentry","category-meteo","tag-cer-noros","tag-conditii-meteo","tag-informare-meteorologica","tag-ploi","tag-racire-accentuata","tag-temperaturi-scazute","tag-vant-moderat","tag-vreme-rece"],"_links":{"self":[{"href":"https:\/\/www.newsrecorder.ro\/app\/wp-json\/wp\/v2\/posts\/17021","targetHints":{"allow":["GET"]}}],"collection":[{"href":"https:\/\/www.newsrecorder.ro\/app\/wp-json\/wp\/v2\/posts"}],"about":[{"href":"https:\/\/www.newsrecorder.ro\/app\/wp-json\/wp\/v2\/types\/post"}],"author":[{"embeddable":true,"href":"https:\/\/www.newsrecorder.ro\/app\/wp-json\/wp\/v2\/users\/5"}],"replies":[{"embeddable":true,"href":"https:\/\/www.newsrecorder.ro\/app\/wp-json\/wp\/v2\/comments?post=17021"}],"version-history":[{"count":0,"href":"https:\/\/www.newsrecorder.ro\/app\/wp-json\/wp\/v2\/posts\/17021\/revisions"}],"wp:featuredmedia":[{"embeddable":true,"href":"https:\/\/www.newsrecorder.ro\/app\/wp-json\/wp\/v2\/media\/17022"}],"wp:attachment":[{"href":"https:\/\/www.newsrecorder.ro\/app\/wp-json\/wp\/v2\/media?parent=17021"}],"wp:term":[{"taxonomy":"category","embeddable":true,"href":"https:\/\/www.newsrecorder.ro\/app\/wp-json\/wp\/v2\/categories?post=17021"},{"taxonomy":"post_tag","embeddable":true,"href":"https:\/\/www.newsrecorder.ro\/app\/wp-json\/wp\/v2\/tags?post=17021"}],"curies":[{"name":"wp","href":"https:\/\/api.w.org\/{rel}","templated":true}]}}