{"id":17023,"date":"2026-05-01T19:06:33","date_gmt":"2026-05-01T19:06:33","guid":{"rendered":"https:\/\/www.newsrecorder.ro\/app\/2026\/05\/01\/vremea-se-raceste-drastic-in-romania-frig-si-ninsoare-in-diverse-zone\/"},"modified":"2026-05-01T19:06:33","modified_gmt":"2026-05-01T19:06:33","slug":"vremea-se-raceste-drastic-in-romania-frig-si-ninsoare-in-diverse-zone","status":"publish","type":"post","link":"https:\/\/www.newsrecorder.ro\/app\/2026\/05\/01\/vremea-se-raceste-drastic-in-romania-frig-si-ninsoare-in-diverse-zone\/","title":{"rendered":"Vremea se r\u0103ce\u0219te drastic \u00een Rom\u00e2nia: frig \u0219i ninsoare \u00een diverse zone!"},"content":{"rendered":"<p>De m\u00e2ine, vremea va suferi schimb\u0103ri semnificative. Conform unei aten\u021bion\u0103ri emise, \u00eencep\u00e2nd cu ziua de miercuri, 29 aprilie, \u201evalorile termice vor sc\u0103dea pe \u00eentreg teritoriul \u021b\u0103rii, iar \u00een zilele de joi \u0219i vineri, vremea se va r\u0103ci considerabil, cu abateri de la normele multianuale de 8 p\u00e2n\u0103 la 12 grade\u201d.<\/p>\n<p>\u00cen nop\u021bile urm\u0103toare, \u00een special \u00een jum\u0103tatea de nord a \u021b\u0103rii \u0219i izolat \u00een alte regiuni, se va forma brum\u0103, accentu\u00e2nd senza\u021bia de frig.<\/p>\n<p>\u00cen perioada men\u021bionat\u0103, se preconizeaz\u0103 ploi \u00een special \u00een sudul \u0219i estul Rom\u00e2niei, unde se estimeaz\u0103 c\u0103 se vor acumula cantit\u0103\u021bi de ap\u0103 \u00eentre 10 \u0219i 15 l\/mp, iar \u00een unele locuri chiar peste 20 l\/mp.<\/p>\n<p>\u00cen zonele montane, dar \u0219i trec\u0103tor \u00een dealurile subcarpatice ale Moldovei \u0219i \u00een estul \u0219i sud-estul Transilvaniei, se vor \u00eenregistra precipita\u021bii mixte, incluz\u00e2nd ploaie, lapovi\u021b\u0103, m\u0103z\u0103riche \u0219i ninsoare. La altitudini de peste 1400 de metri, ninsorile vor fi predominante, iar stratul de z\u0103pad\u0103 acumulat va fi \u00eentre 5 \u0219i 8 cm.<\/p>\n<p>V\u00e2ntul va avea intensific\u0103ri temporare \u00een majoritatea regiunilor, cu viteze de 40 p\u00e2n\u0103 la 45 km\/h, iar \u00een zona montan\u0103 \u00eenalt\u0103, rafalele vor dep\u0103\u0219i 60-70 km\/h, sporind astfel disconfortul termic.<\/p>\n","protected":false},"excerpt":{"rendered":"<p>De m\u00e2ine, vremea va suferi schimb\u0103ri semnificative. Conform unei aten\u021bion\u0103ri emise, \u00eencep\u00e2nd cu ziua de miercuri, 29 aprilie, \u201evalorile termice vor sc\u0103dea pe \u00eentreg teritoriul \u021b\u0103rii, iar \u00een zilele de joi \u0219i vineri, vremea se va r\u0103ci considerabil, cu abateri de la normele multianuale de 8 p\u00e2n\u0103 la 12 grade\u201d. \u00cen nop\u021bile urm\u0103toare, \u00een special [&hellip;]<\/p>\n","protected":false},"author":5,"featured_media":17024,"comment_status":"open","ping_status":"open","sticky":false,"template":"","format":"standard","meta":{"jnews-multi-image_gallery":[],"jnews_single_post":[],"jnews_primary_category":[],"jnews_override_counter":[],"footnotes":""},"categories":[45],"tags":[13053,127,12471,135,149,1641,126,2343],"class_list":["post-17023","post","type-post","status-publish","format-standard","has-post-thumbnail","hentry","category-meteo","tag-bruma","tag-ninsori","tag-ploi","tag-precipitatii","tag-romania","tag-schimbari-climatice","tag-temperaturi","tag-vremea"],"_links":{"self":[{"href":"https:\/\/www.newsrecorder.ro\/app\/wp-json\/wp\/v2\/posts\/17023","targetHints":{"allow":["GET"]}}],"collection":[{"href":"https:\/\/www.newsrecorder.ro\/app\/wp-json\/wp\/v2\/posts"}],"about":[{"href":"https:\/\/www.newsrecorder.ro\/app\/wp-json\/wp\/v2\/types\/post"}],"author":[{"embeddable":true,"href":"https:\/\/www.newsrecorder.ro\/app\/wp-json\/wp\/v2\/users\/5"}],"replies":[{"embeddable":true,"href":"https:\/\/www.newsrecorder.ro\/app\/wp-json\/wp\/v2\/comments?post=17023"}],"version-history":[{"count":0,"href":"https:\/\/www.newsrecorder.ro\/app\/wp-json\/wp\/v2\/posts\/17023\/revisions"}],"wp:featuredmedia":[{"embeddable":true,"href":"https:\/\/www.newsrecorder.ro\/app\/wp-json\/wp\/v2\/media\/17024"}],"wp:attachment":[{"href":"https:\/\/www.newsrecorder.ro\/app\/wp-json\/wp\/v2\/media?parent=17023"}],"wp:term":[{"taxonomy":"category","embeddable":true,"href":"https:\/\/www.newsrecorder.ro\/app\/wp-json\/wp\/v2\/categories?post=17023"},{"taxonomy":"post_tag","embeddable":true,"href":"https:\/\/www.newsrecorder.ro\/app\/wp-json\/wp\/v2\/tags?post=17023"}],"curies":[{"name":"wp","href":"https:\/\/api.w.org\/{rel}","templated":true}]}}