{"id":17025,"date":"2026-05-01T19:06:47","date_gmt":"2026-05-01T19:06:47","guid":{"rendered":"https:\/\/www.newsrecorder.ro\/app\/2026\/05\/01\/prognoza-anm-vreme-capricioasa-pana-la-finalul-primaverii-2\/"},"modified":"2026-05-01T19:06:47","modified_gmt":"2026-05-01T19:06:47","slug":"prognoza-anm-vreme-capricioasa-pana-la-finalul-primaverii-2","status":"publish","type":"post","link":"https:\/\/www.newsrecorder.ro\/app\/2026\/05\/01\/prognoza-anm-vreme-capricioasa-pana-la-finalul-primaverii-2\/","title":{"rendered":"Prognoza ANM: Vreme capricioas\u0103 p\u00e2n\u0103 la finalul prim\u0103verii!"},"content":{"rendered":"<p>Conform Agen\u021biei Na\u021bionale de Meteorologie (ANM), perioada cuprins\u0103 \u00eentre 27 aprilie \u0219i 4 mai va aduce temperaturi mai sc\u0103zute dec\u00e2t cele obi\u0219nuite pentru aceast\u0103 s\u0103pt\u0103m\u00e2n\u0103, afect\u00e2nd \u00eentreaga Rom\u00e2nie. Totu\u0219i, cei din jum\u0103tatea estic\u0103 a \u021b\u0103rii vor sim\u021bi o abatere termic\u0103 negativ\u0103 mai pronun\u021bat\u0103.<\/p>\n<p>\u00cen ceea ce prive\u0219te precipita\u021biile, acestea vor fi excedentare \u00een regiunile sud-estice, \u00een timp ce regiunile vestice, nordice \u0219i centrale se vor confrunta cu un deficit de ap\u0103, iar \u00een restul \u021b\u0103rii, regimul pluviometric se va men\u021bine aproape de valorile normale.<\/p>\n<p>Pe parcursul s\u0103pt\u0103m\u00e2nii 4-11 mai, se preconizeaz\u0103 c\u0103 temperaturile medii vor fi u\u0219or mai ridicate dec\u00e2t cele specifice acestui interval \u00een partea vestic\u0103 a Rom\u00e2niei, \u00een timp ce \u00een celelalte regiuni, valorile se vor men\u021bine aproape de normalitate.<\/p>\n<p>Cantit\u0103\u021bile de precipita\u021bii \u00een aceast\u0103 s\u0103pt\u0103m\u00e2n\u0103 vor fi deficitare \u00een regiunile vestice \u0219i sud-vestice, iar \u00een restul \u021b\u0103rii, acestea vor fi, \u00een general, \u00een concordan\u021b\u0103 cu normele specifice sezonului.<\/p>\n<p>\u00cen s\u0103pt\u0103m\u00e2na 11-18 mai, se estimeaz\u0103 ca temperatura medie a aerului s\u0103 fie apropiat\u0103 de valorile normale pentru aceast\u0103 perioad\u0103, la nivel na\u021bional.<\/p>\n<p>Regimul pluviometric anticipat pentru aceast\u0103 s\u0103pt\u0103m\u00e2n\u0103 va fi, de asemenea, conform normelor climatice, acoperind cea mai mare parte a \u021b\u0103rii.<\/p>\n<p>\u00cen final, \u00een perioada 18-25 mai, mediile valorilor termice se vor alinia cu cele specifice pentru acest interval, men\u021bin\u00e2ndu-se constant pe \u00eentreg teritoriul Rom\u00e2niei.<\/p>\n<p>Cantit\u0103\u021bile de precipita\u021bii pentru aceast\u0103 s\u0103pt\u0103m\u00e2n\u0103 se vor \u00eencadra \u00een limitele normale, conform declara\u021biilor ANM.<\/p>\n","protected":false},"excerpt":{"rendered":"<p>Conform Agen\u021biei Na\u021bionale de Meteorologie (ANM), perioada cuprins\u0103 \u00eentre 27 aprilie \u0219i 4 mai va aduce temperaturi mai sc\u0103zute dec\u00e2t cele obi\u0219nuite pentru aceast\u0103 s\u0103pt\u0103m\u00e2n\u0103, afect\u00e2nd \u00eentreaga Rom\u00e2nie. Totu\u0219i, cei din jum\u0103tatea estic\u0103 a \u021b\u0103rii vor sim\u021bi o abatere termic\u0103 negativ\u0103 mai pronun\u021bat\u0103. \u00cen ceea ce prive\u0219te precipita\u021biile, acestea vor fi excedentare \u00een regiunile sud-estice, [&hellip;]<\/p>\n","protected":false},"author":5,"featured_media":17026,"comment_status":"open","ping_status":"open","sticky":false,"template":"","format":"standard","meta":{"jnews-multi-image_gallery":[],"jnews_single_post":[],"jnews_primary_category":[],"jnews_override_counter":[],"footnotes":""},"categories":[45],"tags":[146,13326,133,135,1812,1600,149,126],"class_list":["post-17025","post","type-post","status-publish","format-standard","has-post-thumbnail","hentry","category-meteo","tag-abateri-termice","tag-deficit-de-apa","tag-meteorologie","tag-precipitatii","tag-regimul-pluviometric","tag-regiunile-vestice","tag-romania","tag-temperaturi"],"_links":{"self":[{"href":"https:\/\/www.newsrecorder.ro\/app\/wp-json\/wp\/v2\/posts\/17025","targetHints":{"allow":["GET"]}}],"collection":[{"href":"https:\/\/www.newsrecorder.ro\/app\/wp-json\/wp\/v2\/posts"}],"about":[{"href":"https:\/\/www.newsrecorder.ro\/app\/wp-json\/wp\/v2\/types\/post"}],"author":[{"embeddable":true,"href":"https:\/\/www.newsrecorder.ro\/app\/wp-json\/wp\/v2\/users\/5"}],"replies":[{"embeddable":true,"href":"https:\/\/www.newsrecorder.ro\/app\/wp-json\/wp\/v2\/comments?post=17025"}],"version-history":[{"count":0,"href":"https:\/\/www.newsrecorder.ro\/app\/wp-json\/wp\/v2\/posts\/17025\/revisions"}],"wp:featuredmedia":[{"embeddable":true,"href":"https:\/\/www.newsrecorder.ro\/app\/wp-json\/wp\/v2\/media\/17026"}],"wp:attachment":[{"href":"https:\/\/www.newsrecorder.ro\/app\/wp-json\/wp\/v2\/media?parent=17025"}],"wp:term":[{"taxonomy":"category","embeddable":true,"href":"https:\/\/www.newsrecorder.ro\/app\/wp-json\/wp\/v2\/categories?post=17025"},{"taxonomy":"post_tag","embeddable":true,"href":"https:\/\/www.newsrecorder.ro\/app\/wp-json\/wp\/v2\/tags?post=17025"}],"curies":[{"name":"wp","href":"https:\/\/api.w.org\/{rel}","templated":true}]}}