{"id":17029,"date":"2026-05-01T19:07:49","date_gmt":"2026-05-01T19:07:49","guid":{"rendered":"https:\/\/www.newsrecorder.ro\/app\/2026\/05\/01\/alerta-meteo-cod-galben-de-vant-in-transilvania-oltenia-si-moldova-4\/"},"modified":"2026-05-01T19:07:49","modified_gmt":"2026-05-01T19:07:49","slug":"alerta-meteo-cod-galben-de-vant-in-transilvania-oltenia-si-moldova-4","status":"publish","type":"post","link":"https:\/\/www.newsrecorder.ro\/app\/2026\/05\/01\/alerta-meteo-cod-galben-de-vant-in-transilvania-oltenia-si-moldova-4\/","title":{"rendered":"Alert\u0103 meteo: Cod galben de v\u00e2nt \u00een Transilvania, Oltenia \u0219i Moldova!"},"content":{"rendered":"<p>Conform informa\u021biilor furnizate de Administra\u021bia Na\u021bional\u0103 de Meteorologie (ANM), vineri, vremea va fi marcat\u0103 de v\u00e2nturi puternice \u00een diverse regiuni ale \u021b\u0103rii. \u00cen special, \u00een nordul, estul \u0219i sud-estul Transilvaniei, nord-estul Moldovei \u0219i vestul Olteniei, vitezele v\u00e2ntului vor atinge \u00eentre 50 \u0219i 65 km\/h.<\/p>\n<p>\u00cen zonele montane, cum ar fi Carpa\u021bii Meridionali \u0219i de Curbur\u0103, rafalele de v\u00e2nt vor fi \u0219i mai intense, ajung\u00e2nd la valori cuprinse \u00eentre 70 \u0219i 90 km\/h.<\/p>\n<p>De asemenea, intensific\u0103ri temporare ale v\u00e2ntului sunt a\u0219teptate \u0219i \u00een alte p\u0103r\u021bi ale \u021b\u0103rii, cu viteze medii de 40 p\u00e2n\u0103 la 45 km\/h.<\/p>\n<p>Este important de men\u021bionat c\u0103 avertizarea de cod galben este \u00een vigoare p\u00e2n\u0103 la ora 21.00, a\u0219a c\u0103 cet\u0103\u021benii sunt sf\u0103tui\u021bi s\u0103 fie pruden\u021bi \u0219i s\u0103 se preg\u0103teasc\u0103 pentru condi\u021bii meteorologice dificile.<\/p>\n","protected":false},"excerpt":{"rendered":"<p>Conform informa\u021biilor furnizate de Administra\u021bia Na\u021bional\u0103 de Meteorologie (ANM), vineri, vremea va fi marcat\u0103 de v\u00e2nturi puternice \u00een diverse regiuni ale \u021b\u0103rii. \u00cen special, \u00een nordul, estul \u0219i sud-estul Transilvaniei, nord-estul Moldovei \u0219i vestul Olteniei, vitezele v\u00e2ntului vor atinge \u00eentre 50 \u0219i 65 km\/h. \u00cen zonele montane, cum ar fi Carpa\u021bii Meridionali \u0219i de Curbur\u0103, [&hellip;]<\/p>\n","protected":false},"author":5,"featured_media":17030,"comment_status":"open","ping_status":"open","sticky":false,"template":"","format":"standard","meta":{"jnews-multi-image_gallery":[],"jnews_single_post":[],"jnews_primary_category":[],"jnews_override_counter":[],"footnotes":""},"categories":[45],"tags":[732,196,974,133,871,263,137,125],"class_list":["post-17029","post","type-post","status-publish","format-standard","has-post-thumbnail","hentry","category-meteo","tag-avertizare","tag-cod-galben","tag-conditii-meteorologice","tag-meteorologie","tag-moldova","tag-transilvania","tag-vant","tag-vreme"],"_links":{"self":[{"href":"https:\/\/www.newsrecorder.ro\/app\/wp-json\/wp\/v2\/posts\/17029","targetHints":{"allow":["GET"]}}],"collection":[{"href":"https:\/\/www.newsrecorder.ro\/app\/wp-json\/wp\/v2\/posts"}],"about":[{"href":"https:\/\/www.newsrecorder.ro\/app\/wp-json\/wp\/v2\/types\/post"}],"author":[{"embeddable":true,"href":"https:\/\/www.newsrecorder.ro\/app\/wp-json\/wp\/v2\/users\/5"}],"replies":[{"embeddable":true,"href":"https:\/\/www.newsrecorder.ro\/app\/wp-json\/wp\/v2\/comments?post=17029"}],"version-history":[{"count":0,"href":"https:\/\/www.newsrecorder.ro\/app\/wp-json\/wp\/v2\/posts\/17029\/revisions"}],"wp:featuredmedia":[{"embeddable":true,"href":"https:\/\/www.newsrecorder.ro\/app\/wp-json\/wp\/v2\/media\/17030"}],"wp:attachment":[{"href":"https:\/\/www.newsrecorder.ro\/app\/wp-json\/wp\/v2\/media?parent=17029"}],"wp:term":[{"taxonomy":"category","embeddable":true,"href":"https:\/\/www.newsrecorder.ro\/app\/wp-json\/wp\/v2\/categories?post=17029"},{"taxonomy":"post_tag","embeddable":true,"href":"https:\/\/www.newsrecorder.ro\/app\/wp-json\/wp\/v2\/tags?post=17029"}],"curies":[{"name":"wp","href":"https:\/\/api.w.org\/{rel}","templated":true}]}}