{"id":17031,"date":"2026-05-01T19:08:01","date_gmt":"2026-05-01T19:08:01","guid":{"rendered":"https:\/\/www.newsrecorder.ro\/app\/2026\/05\/01\/prognoza-lunii-mai-soare-si-vreme-calda-pe-masura\/"},"modified":"2026-05-01T19:08:01","modified_gmt":"2026-05-01T19:08:01","slug":"prognoza-lunii-mai-soare-si-vreme-calda-pe-masura","status":"publish","type":"post","link":"https:\/\/www.newsrecorder.ro\/app\/2026\/05\/01\/prognoza-lunii-mai-soare-si-vreme-calda-pe-masura\/","title":{"rendered":"Prognoza lunii mai: Soare \u0219i vreme cald\u0103 pe m\u0103sur\u0103!"},"content":{"rendered":"<p>\u00centre 25 aprilie \u0219i 4 mai, valorile termice vor \u00eenregistra o sc\u0103dere semnificativ\u0103 fa\u021b\u0103 de normele specifice pentru aceast\u0103 s\u0103pt\u0103m\u00e2n\u0103, afect\u00e2nd \u00eentreaga \u021bar\u0103. \u00cen ceea ce prive\u0219te precipita\u021biile, regimul pluviometric va fi excedentar \u00een regiunile sudice, estice \u0219i centrale, \u00een timp ce restul teritoriului va beneficia de un regim normal pentru aceast\u0103 perioad\u0103.<\/p>\n<p>\u00cen intervalul 4-11 mai, temperaturile vor fi \u00een general conforme cu valorile normale specifice acestui sezon \u00een majoritatea regiunilor. Totu\u0219i, \u00een sud-vestul \u021b\u0103rii, se preconizeaz\u0103 un regim pluviometric u\u0219or deficitar, \u00een timp ce alte zone vor men\u021bine un echilibru normal \u00een privin\u021ba precipita\u021biilor.<\/p>\n<p>Pe parcursul s\u0103pt\u0103m\u00e2nii 11-18 mai, regimul termic se va men\u021bine la valori apropiate de cele specifice pentru aceast\u0103 perioad\u0103, \u00een \u00eentreaga \u021bar\u0103. De asemenea, cantit\u0103\u021bile de precipita\u021bii vor fi \u00een general conforme cu normele pentru acest interval, \u00een majoritatea regiunilor.<\/p>\n<p>\u00centre 18 \u0219i 25 mai, mediile temperaturilor vor continua s\u0103 fie \u00een concordan\u021b\u0103 cu normele climatologice caracteristice acestei perioade \u00een \u00eentreaga \u021bar\u0103. Regimul pluviometric va prezenta o u\u0219oar\u0103 excelen\u021b\u0103 \u00een regiunile estice \u0219i sudice, \u00een timp ce regiunile vestice vor \u00eenregistra o u\u0219oar\u0103 deficien\u021b\u0103, iar restul teritoriului va r\u0103m\u00e2ne \u00een limite normale pentru acest interval.<\/p>\n","protected":false},"excerpt":{"rendered":"<p>\u00centre 25 aprilie \u0219i 4 mai, valorile termice vor \u00eenregistra o sc\u0103dere semnificativ\u0103 fa\u021b\u0103 de normele specifice pentru aceast\u0103 s\u0103pt\u0103m\u00e2n\u0103, afect\u00e2nd \u00eentreaga \u021bar\u0103. \u00cen ceea ce prive\u0219te precipita\u021biile, regimul pluviometric va fi excedentar \u00een regiunile sudice, estice \u0219i centrale, \u00een timp ce restul teritoriului va beneficia de un regim normal pentru aceast\u0103 perioad\u0103. \u00cen intervalul [&hellip;]<\/p>\n","protected":false},"author":5,"featured_media":17032,"comment_status":"open","ping_status":"open","sticky":false,"template":"","format":"standard","meta":{"jnews-multi-image_gallery":[],"jnews_single_post":[],"jnews_primary_category":[],"jnews_override_counter":[],"footnotes":""},"categories":[45],"tags":[19272,19271,135,1812,1961,126,1261,125],"class_list":["post-17031","post","type-post","status-publish","format-standard","has-post-thumbnail","hentry","category-meteo","tag-echilibru-normal","tag-intervalul-4-11-mai","tag-precipitatii","tag-regimul-pluviometric","tag-regiunile-sudice","tag-temperaturi","tag-valori-termice","tag-vreme"],"_links":{"self":[{"href":"https:\/\/www.newsrecorder.ro\/app\/wp-json\/wp\/v2\/posts\/17031","targetHints":{"allow":["GET"]}}],"collection":[{"href":"https:\/\/www.newsrecorder.ro\/app\/wp-json\/wp\/v2\/posts"}],"about":[{"href":"https:\/\/www.newsrecorder.ro\/app\/wp-json\/wp\/v2\/types\/post"}],"author":[{"embeddable":true,"href":"https:\/\/www.newsrecorder.ro\/app\/wp-json\/wp\/v2\/users\/5"}],"replies":[{"embeddable":true,"href":"https:\/\/www.newsrecorder.ro\/app\/wp-json\/wp\/v2\/comments?post=17031"}],"version-history":[{"count":0,"href":"https:\/\/www.newsrecorder.ro\/app\/wp-json\/wp\/v2\/posts\/17031\/revisions"}],"wp:featuredmedia":[{"embeddable":true,"href":"https:\/\/www.newsrecorder.ro\/app\/wp-json\/wp\/v2\/media\/17032"}],"wp:attachment":[{"href":"https:\/\/www.newsrecorder.ro\/app\/wp-json\/wp\/v2\/media?parent=17031"}],"wp:term":[{"taxonomy":"category","embeddable":true,"href":"https:\/\/www.newsrecorder.ro\/app\/wp-json\/wp\/v2\/categories?post=17031"},{"taxonomy":"post_tag","embeddable":true,"href":"https:\/\/www.newsrecorder.ro\/app\/wp-json\/wp\/v2\/tags?post=17031"}],"curies":[{"name":"wp","href":"https:\/\/api.w.org\/{rel}","templated":true}]}}