{"id":17033,"date":"2026-05-01T19:08:15","date_gmt":"2026-05-01T19:08:15","guid":{"rendered":"https:\/\/www.newsrecorder.ro\/app\/2026\/05\/01\/bucuresti-frig-ploi-si-vant-puternic-pana-vineri-3\/"},"modified":"2026-05-01T19:08:15","modified_gmt":"2026-05-01T19:08:15","slug":"bucuresti-frig-ploi-si-vant-puternic-pana-vineri-3","status":"publish","type":"post","link":"https:\/\/www.newsrecorder.ro\/app\/2026\/05\/01\/bucuresti-frig-ploi-si-vant-puternic-pana-vineri-3\/","title":{"rendered":"Bucure\u0219ti: Frig, ploi \u0219i v\u00e2nt puternic p\u00e2n\u0103 vineri!"},"content":{"rendered":"<p class=\"font-claude-response-body break-words whitespace-normal leading-[1.7]\"><a href=\"https:\/\/www.meteoromania.ro\/\" target=\"_blank\" rel=\"noopener\">Administra\u021bia Na\u021bional\u0103 de Meteorologie (ANM)<\/a> a emis o avertizare meteorologic\u0103 pentru Bucure\u0219ti, care va fi \u00een vigoare \u00eentre 22 aprilie, ora 10:00, \u0219i 24 aprilie, ora 10:00. Conform prognozelor, vremea \u00een capital\u0103 va fi rece, iar v\u00e2ntul va suferi intensific\u0103ri semnificative.<\/p>\n<p><strong>Vremea \u00een Bucure\u0219ti, miercuri, 22 aprilie: temperaturi sc\u0103zute \u0219i ploi u\u0219oare<\/strong><\/p>\n<p class=\"font-claude-response-body break-words whitespace-normal leading-[1.7]\">\u00cen aceast\u0103 zi, vremea se anun\u021b\u0103 a fi rece. Cerul va fi temporar acoperit de nori, iar \u00een timpul zilei sunt a\u0219teptate precipita\u021bii slabe.<\/p>\n<p class=\"font-claude-response-body break-words whitespace-normal leading-[1.7]\">V\u00e2ntul va sufla \u00eentr-o intensitate variabil\u0103, de la slab la moderat. Valorile termice vor atinge o maxim\u0103 de 13-15 grade Celsius, iar noaptea, temperatura minim\u0103 va sc\u0103dea \u00eentre 2 \u0219i 5 grade Celsius.<\/p>\n<p><strong>Joi, 23 aprilie: vreme mai cald\u0103, \u00eens\u0103 cu v\u00e2nt puternic<\/strong><\/p>\n<p class=\"font-claude-response-body break-words whitespace-normal leading-[1.7]\">\u00cen aceast\u0103 zi, vremea va reveni la normal din punct de vedere termic. Cerul va fi variabil, f\u0103r\u0103 precipita\u021bii semnificative.<\/p>\n<p class=\"font-claude-response-body break-words whitespace-normal leading-[1.7]\">Pe parcursul zilei, v\u00e2ntul se va intensifica, ating\u00e2nd viteze de 45-50 km\/h. Noaptea, intensitatea acestuia va sc\u0103dea, revenind la valori slabe \u0219i moderate. Temperatura maxim\u0103 va ajunge la 18-19 grade Celsius, iar minima nocturn\u0103 se va situa \u00eentre 4 \u0219i 7 grade Celsius.<\/p>\n","protected":false},"excerpt":{"rendered":"<p>Administra\u021bia Na\u021bional\u0103 de Meteorologie (ANM) a emis o avertizare meteorologic\u0103 pentru Bucure\u0219ti, care va fi \u00een vigoare \u00eentre 22 aprilie, ora 10:00, \u0219i 24 aprilie, ora 10:00. Conform prognozelor, vremea \u00een capital\u0103 va fi rece, iar v\u00e2ntul va suferi intensific\u0103ri semnificative. Vremea \u00een Bucure\u0219ti, miercuri, 22 aprilie: temperaturi sc\u0103zute \u0219i ploi u\u0219oare \u00cen aceast\u0103 zi, [&hellip;]<\/p>\n","protected":false},"author":5,"featured_media":17034,"comment_status":"open","ping_status":"open","sticky":false,"template":"","format":"standard","meta":{"jnews-multi-image_gallery":[],"jnews_single_post":[],"jnews_primary_category":[],"jnews_override_counter":[],"footnotes":""},"categories":[45],"tags":[150,1563,362,135,141,81,994,125],"class_list":["post-17033","post","type-post","status-publish","format-standard","has-post-thumbnail","hentry","category-meteo","tag-anm","tag-avertizare-meteorologica","tag-bucuresti","tag-precipitatii","tag-prognoza-meteo","tag-temperaturi-scazute","tag-vant-puternic","tag-vreme"],"_links":{"self":[{"href":"https:\/\/www.newsrecorder.ro\/app\/wp-json\/wp\/v2\/posts\/17033","targetHints":{"allow":["GET"]}}],"collection":[{"href":"https:\/\/www.newsrecorder.ro\/app\/wp-json\/wp\/v2\/posts"}],"about":[{"href":"https:\/\/www.newsrecorder.ro\/app\/wp-json\/wp\/v2\/types\/post"}],"author":[{"embeddable":true,"href":"https:\/\/www.newsrecorder.ro\/app\/wp-json\/wp\/v2\/users\/5"}],"replies":[{"embeddable":true,"href":"https:\/\/www.newsrecorder.ro\/app\/wp-json\/wp\/v2\/comments?post=17033"}],"version-history":[{"count":0,"href":"https:\/\/www.newsrecorder.ro\/app\/wp-json\/wp\/v2\/posts\/17033\/revisions"}],"wp:featuredmedia":[{"embeddable":true,"href":"https:\/\/www.newsrecorder.ro\/app\/wp-json\/wp\/v2\/media\/17034"}],"wp:attachment":[{"href":"https:\/\/www.newsrecorder.ro\/app\/wp-json\/wp\/v2\/media?parent=17033"}],"wp:term":[{"taxonomy":"category","embeddable":true,"href":"https:\/\/www.newsrecorder.ro\/app\/wp-json\/wp\/v2\/categories?post=17033"},{"taxonomy":"post_tag","embeddable":true,"href":"https:\/\/www.newsrecorder.ro\/app\/wp-json\/wp\/v2\/tags?post=17033"}],"curies":[{"name":"wp","href":"https:\/\/api.w.org\/{rel}","templated":true}]}}