{"id":17043,"date":"2026-05-01T19:36:41","date_gmt":"2026-05-01T19:36:41","guid":{"rendered":"https:\/\/www.newsrecorder.ro\/app\/2026\/05\/01\/avertizari-meteo-vreme-rece-si-anomalii-termice-in-romania\/"},"modified":"2026-05-01T19:36:41","modified_gmt":"2026-05-01T19:36:41","slug":"avertizari-meteo-vreme-rece-si-anomalii-termice-in-romania","status":"publish","type":"post","link":"https:\/\/www.newsrecorder.ro\/app\/2026\/05\/01\/avertizari-meteo-vreme-rece-si-anomalii-termice-in-romania\/","title":{"rendered":"Avertiz\u0103ri meteo: Vreme rece \u0219i anomalii termice \u00een Rom\u00e2nia!"},"content":{"rendered":"<p class=\"font-claude-response-body break-words whitespace-normal leading-[1.7]\">\u00cen perioada 20 &#8211; 27 aprilie, Rom\u00e2nia se va confrunta cu un val de frig neobi\u0219nuit pentru aceast\u0103 prim\u0103var\u0103, conform prognozelor emise de Administra\u021bia Na\u021bional\u0103 de Meteorologie (ANM). Valorile termice a\u0219teptate vor fi considerabil mai sc\u0103zute dec\u00e2t cele obi\u0219nuite pentru aceast\u0103 perioad\u0103 a anului.<\/p>\n<p class=\"font-claude-response-body break-words whitespace-normal leading-[1.7]\">\u00cen ceea ce prive\u0219te precipita\u021biile, regiunile vestice, sud-vestice \u0219i sud-estice vor avea parte de un deficit de ap\u0103, pe c\u00e2nd \u00een restul \u021b\u0103rii, cantit\u0103\u021bile de precipita\u021bii se vor \u00eencadra \u00een limitele normale.<\/p>\n<p class=\"font-claude-response-body break-words whitespace-normal leading-[1.7]\">Pentru s\u0103pt\u0103m\u00e2na 27 aprilie &#8211; 4 mai, ANM preconizeaz\u0103 o anomalie termic\u0103 ce va afecta \u00eentreaga \u021bar\u0103. Temperaturile vor r\u0103m\u00e2ne cu mult sub normele climatologice. De asemenea, precipita\u021biile vor fi insuficiente \u00een regiunile vestice \u0219i nord-vestice, iar \u00een sud-est se a\u0219teapt\u0103 un u\u0219or excedent de ap\u0103, \u00een timp ce restul teritoriului va avea precipita\u021bii \u00een limite normale.<\/p>\n<p class=\"font-claude-response-body break-words whitespace-normal leading-[1.7]\">\u00centre 4 \u0219i 11 mai, se anticipeaz\u0103 o u\u0219oar\u0103 revenire a temperaturilor, care vor fi apropiate de cele normale pentru aceast\u0103 perioad\u0103. Totu\u0219i, precipita\u021biile vor r\u0103m\u00e2ne deficitare, \u00een special \u00een regiunile vestice \u0219i sud-vestice, \u00een timp ce \u00een celelalte zone, cantit\u0103\u021bile de ap\u0103 vor fi \u00een jurul normelor climatologice.<\/p>\n<p class=\"font-claude-response-body break-words whitespace-normal leading-[1.7]\">\u00cen s\u0103pt\u0103m\u00e2na 11 &#8211; 18 mai, regimul termic va fi \u00een general apropiat de normal, iar precipita\u021biile se vor men\u021bine \u0219i ele \u00een parametrii obi\u0219nui\u021bi pentru aceast\u0103 perioad\u0103, semnal\u00e2nd o stabilizare treptat\u0103 fa\u021b\u0103 de s\u0103pt\u0103m\u00e2nile anterioare, conform prognozei meteo ANM.<\/p>\n","protected":false},"excerpt":{"rendered":"<p>\u00cen perioada 20 &#8211; 27 aprilie, Rom\u00e2nia se va confrunta cu un val de frig neobi\u0219nuit pentru aceast\u0103 prim\u0103var\u0103, conform prognozelor emise de Administra\u021bia Na\u021bional\u0103 de Meteorologie (ANM). Valorile termice a\u0219teptate vor fi considerabil mai sc\u0103zute dec\u00e2t cele obi\u0219nuite pentru aceast\u0103 perioad\u0103 a anului. \u00cen ceea ce prive\u0219te precipita\u021biile, regiunile vestice, sud-vestice \u0219i sud-estice vor [&hellip;]<\/p>\n","protected":false},"author":5,"featured_media":17044,"comment_status":"open","ping_status":"open","sticky":false,"template":"","format":"standard","meta":{"jnews-multi-image_gallery":[],"jnews_single_post":[],"jnews_primary_category":[],"jnews_override_counter":[],"footnotes":""},"categories":[45],"tags":[1816,4329,8439,3233,16408,149,81,17466],"class_list":["post-17043","post","type-post","status-publish","format-standard","has-post-thumbnail","hentry","category-meteo","tag-administratia-nationala-de-meteorologie","tag-anomalii-termice","tag-precipitatii-deficitare","tag-primavara","tag-prognoze-meteo","tag-romania","tag-temperaturi-scazute","tag-val-de-frig"],"_links":{"self":[{"href":"https:\/\/www.newsrecorder.ro\/app\/wp-json\/wp\/v2\/posts\/17043","targetHints":{"allow":["GET"]}}],"collection":[{"href":"https:\/\/www.newsrecorder.ro\/app\/wp-json\/wp\/v2\/posts"}],"about":[{"href":"https:\/\/www.newsrecorder.ro\/app\/wp-json\/wp\/v2\/types\/post"}],"author":[{"embeddable":true,"href":"https:\/\/www.newsrecorder.ro\/app\/wp-json\/wp\/v2\/users\/5"}],"replies":[{"embeddable":true,"href":"https:\/\/www.newsrecorder.ro\/app\/wp-json\/wp\/v2\/comments?post=17043"}],"version-history":[{"count":0,"href":"https:\/\/www.newsrecorder.ro\/app\/wp-json\/wp\/v2\/posts\/17043\/revisions"}],"wp:featuredmedia":[{"embeddable":true,"href":"https:\/\/www.newsrecorder.ro\/app\/wp-json\/wp\/v2\/media\/17044"}],"wp:attachment":[{"href":"https:\/\/www.newsrecorder.ro\/app\/wp-json\/wp\/v2\/media?parent=17043"}],"wp:term":[{"taxonomy":"category","embeddable":true,"href":"https:\/\/www.newsrecorder.ro\/app\/wp-json\/wp\/v2\/categories?post=17043"},{"taxonomy":"post_tag","embeddable":true,"href":"https:\/\/www.newsrecorder.ro\/app\/wp-json\/wp\/v2\/tags?post=17043"}],"curies":[{"name":"wp","href":"https:\/\/api.w.org\/{rel}","templated":true}]}}