{"id":17059,"date":"2026-05-01T19:41:17","date_gmt":"2026-05-01T19:41:17","guid":{"rendered":"https:\/\/www.newsrecorder.ro\/app\/2026\/05\/01\/descopera-hartile-istorice-ale-romaniei-cu-alba-iulia-in-centrul-atentiei\/"},"modified":"2026-05-01T19:41:17","modified_gmt":"2026-05-01T19:41:17","slug":"descopera-hartile-istorice-ale-romaniei-cu-alba-iulia-in-centrul-atentiei","status":"publish","type":"post","link":"https:\/\/www.newsrecorder.ro\/app\/2026\/05\/01\/descopera-hartile-istorice-ale-romaniei-cu-alba-iulia-in-centrul-atentiei\/","title":{"rendered":"Descoper\u0103 h\u0103r\u021bile istorice ale Rom\u00e2niei, cu Alba-Iulia \u00een centrul aten\u021biei!"},"content":{"rendered":"<p>Victor Negrescu a f\u0103cut recent o descoperire fascinant\u0103 \u00een biblioteca Adun\u0103rii Na\u021bionale a Republicii Franceze, pe care a \u00eemp\u0103rt\u0103\u0219it-o cu urm\u0103ritorii s\u0103i pe pagina sa de Facebook.<\/p>\n<p>Acesta a g\u0103sit \u201eo parte din istoria noastr\u0103: h\u0103r\u021bi vechi ale Rom\u00e2niei \u0219i Transilvaniei, cu Alba Iulia \u00een prim-plan, \u0219i o scrisoare semnat\u0103 de Tache Ionescu. Aceasta este un memento clar c\u0103 destinul Rom\u00e2niei a fost \u00eentotdeauna str\u00e2ns legat de Fran\u021ba \u0219i de Europa, indiferent de perioada sau conjunctura politic\u0103\u201d, a declarat Negrescu.<\/p>\n<p>Negrescu a subliniat c\u0103 acest moment a avut \u0219i o relevan\u021b\u0103 personal\u0103 pentru el. \u201eAm studiat \u0219i activat politic \u00een Fran\u021ba, iar revenirea la Paris, ca parte a delega\u021biei formate din reprezentan\u021bi ai mai multor grupuri politice, conduse de pre\u0219edintele Camerei Deputa\u021bilor, Sorin Grindeanu, c\u0103ruia \u00eei mul\u021bumesc pentru invita\u021bie, are o semnifica\u021bie aparte. Discu\u021biile cu pre\u0219edinta Adun\u0103rii Na\u021bionale, doamna Ya\u00ebl Braun-Pivet, \u0219i colegii parlamentari s-au concentrat pe o Rom\u00e2nie ferm ancorat\u0103 \u00een proiectul pro-european, care construie\u0219te parteneriate solide cu toate statele membre, \u00een special cu Fran\u021ba\u201d, a ad\u0103ugat el.<\/p>\n<p>Conform europarlamentarului, s-a pus accent pe intensificarea cooper\u0103rii economice, colaborarea \u00een cadrul Mercosur \u0219i bugetul european, dar \u0219i pe consolidarea dimensiunii de ap\u0103rare. Prezen\u021ba militar\u0103 francez\u0103 \u00een Rom\u00e2nia eviden\u021biaz\u0103 angajamentul Fran\u021bei \u00een regiune \u0219i subliniaz\u0103 importan\u021ba coordon\u0103rii pe subiecte de interes comun pentru ambele p\u0103r\u021bi, a conchis Negrescu.<\/p>\n","protected":false},"excerpt":{"rendered":"<p>Victor Negrescu a f\u0103cut recent o descoperire fascinant\u0103 \u00een biblioteca Adun\u0103rii Na\u021bionale a Republicii Franceze, pe care a \u00eemp\u0103rt\u0103\u0219it-o cu urm\u0103ritorii s\u0103i pe pagina sa de Facebook. Acesta a g\u0103sit \u201eo parte din istoria noastr\u0103: h\u0103r\u021bi vechi ale Rom\u00e2niei \u0219i Transilvaniei, cu Alba Iulia \u00een prim-plan, \u0219i o scrisoare semnat\u0103 de Tache Ionescu. Aceasta este [&hellip;]<\/p>\n","protected":false},"author":7,"featured_media":17060,"comment_status":"open","ping_status":"open","sticky":false,"template":"","format":"standard","meta":{"jnews-multi-image_gallery":[],"jnews_single_post":[],"jnews_primary_category":[],"jnews_override_counter":[],"footnotes":""},"categories":[43],"tags":[18972,699,473,18971,19284,269,18973,3912],"class_list":["post-17059","post","type-post","status-publish","format-standard","has-post-thumbnail","hentry","category-cultura","tag-alba-iulia","tag-europa","tag-franta","tag-harti-vechi","tag-istoria-romaniei","tag-politica","tag-tache-ionescu","tag-victor-negrescu"],"_links":{"self":[{"href":"https:\/\/www.newsrecorder.ro\/app\/wp-json\/wp\/v2\/posts\/17059","targetHints":{"allow":["GET"]}}],"collection":[{"href":"https:\/\/www.newsrecorder.ro\/app\/wp-json\/wp\/v2\/posts"}],"about":[{"href":"https:\/\/www.newsrecorder.ro\/app\/wp-json\/wp\/v2\/types\/post"}],"author":[{"embeddable":true,"href":"https:\/\/www.newsrecorder.ro\/app\/wp-json\/wp\/v2\/users\/7"}],"replies":[{"embeddable":true,"href":"https:\/\/www.newsrecorder.ro\/app\/wp-json\/wp\/v2\/comments?post=17059"}],"version-history":[{"count":0,"href":"https:\/\/www.newsrecorder.ro\/app\/wp-json\/wp\/v2\/posts\/17059\/revisions"}],"wp:featuredmedia":[{"embeddable":true,"href":"https:\/\/www.newsrecorder.ro\/app\/wp-json\/wp\/v2\/media\/17060"}],"wp:attachment":[{"href":"https:\/\/www.newsrecorder.ro\/app\/wp-json\/wp\/v2\/media?parent=17059"}],"wp:term":[{"taxonomy":"category","embeddable":true,"href":"https:\/\/www.newsrecorder.ro\/app\/wp-json\/wp\/v2\/categories?post=17059"},{"taxonomy":"post_tag","embeddable":true,"href":"https:\/\/www.newsrecorder.ro\/app\/wp-json\/wp\/v2\/tags?post=17059"}],"curies":[{"name":"wp","href":"https:\/\/api.w.org\/{rel}","templated":true}]}}