{"id":17069,"date":"2026-05-01T20:11:13","date_gmt":"2026-05-01T20:11:13","guid":{"rendered":"https:\/\/www.newsrecorder.ro\/app\/2026\/05\/01\/revelatie-socanta-patru-frati-acuza-abuzuri-de-la-michael-jackson\/"},"modified":"2026-05-01T20:11:13","modified_gmt":"2026-05-01T20:11:13","slug":"revelatie-socanta-patru-frati-acuza-abuzuri-de-la-michael-jackson","status":"publish","type":"post","link":"https:\/\/www.newsrecorder.ro\/app\/2026\/05\/01\/revelatie-socanta-patru-frati-acuza-abuzuri-de-la-michael-jackson\/","title":{"rendered":"Revela\u021bie \u0219ocant\u0103: Patru fra\u021bi acuz\u0103 abuzuri de la Michael Jackson!"},"content":{"rendered":"<p>Cei patru reclaman\u021bi \u2013 Edward, Dominic, Marie-Nicole \u0219i Aldo Cascio \u2013 au dezv\u0103luit c\u0103 au fost victime ale abuzurilor comise de c\u0103tre Michael Jackson \u00een copil\u0103rie. Ac\u021biunea legal\u0103 a fost ini\u021biat\u0103 \u00een februarie, \u00een cadrul unui tribunal federal din Los Angeles. Un alt frate, Frank Cascio, afirm\u0103 c\u0103 \u0219i el a fost afectat de acelea\u0219i experien\u021be, \u00eens\u0103 a ales s\u0103 nu se al\u0103ture procesului din motive legale. Detaliile acestor acuza\u021bii au fost f\u0103cute publice recent, \u00een urma unui interviu oferit de reclaman\u021bi pentru <a href=\"https:\/\/www.nytimes.com\/2026\/04\/24\/arts\/music\/michael-jackson-second-family-cascio.html\" target=\"_blank\" rel=\"noopener\">The New York Times<\/a>.<\/p>\n<p>Familia Cascio l-a cunoscut pe Michael Jackson \u00een anii \u201980, c\u00e2nd tat\u0103l lor era managerul unui hotel din Manhattan, loc unde artistul se caza frecvent. Rela\u021bia s-a aprofundat \u00een timp, iar copiii au petrecut mul\u021bi ani al\u0103turi de c\u00e2nt\u0103re\u021b, inclusiv la re\u0219edin\u021ba sa emblematic\u0103, Neverland Ranch. Ace\u0219tia l-au \u00eenso\u021bit \u00een turnee \u0219i la concerte, fiind percepu\u021bi ca parte din cercul s\u0103u intim. P\u00e2n\u0103 de cur\u00e2nd, fra\u021bii Cascio au sus\u021binut cu t\u0103rie nevinov\u0103\u021bia lui Jackson. De exemplu, \u00een 2010, c\u00e2\u021biva dintre ei au ap\u0103rut \u00een emisiunea The Oprah Winfrey Show, unde au negat vehement orice comportament inadecvat din partea artistului. Frank Cascio a publicat chiar o carte \u00een 2011, \u00een care detalia rela\u021bia sa cu Jackson \u0219i a respins acuza\u021biile de la acea vreme. Acum, reclaman\u021bii afirm\u0103 c\u0103 acele declara\u021bii au fost \u201eminciuni\u201d \u0219i c\u0103 au fost supu\u0219i unei manipul\u0103ri psihologice \u00een copil\u0103rie.<\/p>\n<p>Trei dintre fra\u021bi au oferit m\u0103rturii detaliate privind presupusele abuzuri, care ar fi avut loc at\u00e2t \u00een locuin\u021ba lor, c\u00e2t \u0219i \u00een timpul c\u0103l\u0103toriilor cu artistul. Potrivit acestora, nu au discutat despre experien\u021bele lor traumatizante p\u00e2n\u0103 \u00een 2020, c\u00e2nd au vizionat documentarul Leaving Neverland, care a readus \u00een discu\u021bie acuza\u021bii similare formulate de alte persoane. Mama lor a confirmat ulterior c\u0103 nu era la curent cu aceste evenimente \u00een acea perioad\u0103. Avoca\u021bii averii lui Michael Jackson au respins vehement acuza\u021biile, caracteriz\u00e2nd procesul drept \u201eo tentativ\u0103 disperat\u0103 de a ob\u021bine bani\u201d \u0219i sus\u021bin\u00e2nd c\u0103 reclaman\u021bii \u0219i-au schimbat declara\u021biile de mai multe ori de-a lungul timpului. \u00cen trecut, familia Cascio a ajuns la un acord extrajudiciar cu reprezentan\u021bii averii lui Jackson, acord evaluat la aproximativ 17 milioane de dolari. La sf\u00e2r\u0219itul anului 2024, ace\u0219tia au solicitat desp\u0103gubiri suplimentare de peste 200 de milioane de dolari, cerere care a fost respins\u0103, conduc\u00e2nd la noul proces.<\/p>\n<p>Noul caz re\u00eenvie vechi controverse legate de Michael Jackson, artist acuzat pentru prima dat\u0103 de abuzuri \u00een 1993. De-a lungul anilor, au existat numeroase investiga\u021bii \u0219i procese, iar \u00een 2005, c\u00e2nt\u0103re\u021bul a fost achitat \u00eentr-un proces penal major. Aceast\u0103 nou\u0103 ac\u021biune legal\u0103 reaprinde dezbaterile referitoare la mo\u0219tenirea sa artistic\u0103 \u0219i la imaginea public\u0103 a artistului, \u00eentr-un moment \u00een care industria muzical\u0103 caut\u0103 s\u0103-i reabiliteze reputa\u021bia, inclusiv prin lansarea recent\u0103 a unui <a href=\"https:\/\/www.mediafax.ro\/cultura-media\/vizualizarile-pieselor-lui-michael-jackson-au-crescut-cu-95-in-sua-dupa-lansarea-filmului-michael-23727529\" target=\"_blank\" rel=\"noopener\">film biografic dedicat vie\u021bii sale<\/a>. Procesul se afl\u0103 \u00een stadiu incipient, iar instan\u021ba va decide \u00een cur\u00e2nd dac\u0103 acuza\u021biile vor putea fi sus\u021binute \u00een fa\u021ba legii.<\/p>\n","protected":false},"excerpt":{"rendered":"<p>Cei patru reclaman\u021bi \u2013 Edward, Dominic, Marie-Nicole \u0219i Aldo Cascio \u2013 au dezv\u0103luit c\u0103 au fost victime ale abuzurilor comise de c\u0103tre Michael Jackson \u00een copil\u0103rie. Ac\u021biunea legal\u0103 a fost ini\u021biat\u0103 \u00een februarie, \u00een cadrul unui tribunal federal din Los Angeles. Un alt frate, Frank Cascio, afirm\u0103 c\u0103 \u0219i el a fost afectat de acelea\u0219i [&hellip;]<\/p>\n","protected":false},"author":7,"featured_media":17070,"comment_status":"open","ping_status":"open","sticky":false,"template":"","format":"standard","meta":{"jnews-multi-image_gallery":[],"jnews_single_post":[],"jnews_primary_category":[],"jnews_override_counter":[],"footnotes":""},"categories":[43],"tags":[2559,13681,18859,1870,3744,15759,18860,2495],"class_list":["post-17069","post","type-post","status-publish","format-standard","has-post-thumbnail","hentry","category-cultura","tag-abuzuri","tag-copilarie","tag-familia-cascio","tag-interviu","tag-los-angeles","tag-michael-jackson","tag-neverland-ranch","tag-proces"],"_links":{"self":[{"href":"https:\/\/www.newsrecorder.ro\/app\/wp-json\/wp\/v2\/posts\/17069","targetHints":{"allow":["GET"]}}],"collection":[{"href":"https:\/\/www.newsrecorder.ro\/app\/wp-json\/wp\/v2\/posts"}],"about":[{"href":"https:\/\/www.newsrecorder.ro\/app\/wp-json\/wp\/v2\/types\/post"}],"author":[{"embeddable":true,"href":"https:\/\/www.newsrecorder.ro\/app\/wp-json\/wp\/v2\/users\/7"}],"replies":[{"embeddable":true,"href":"https:\/\/www.newsrecorder.ro\/app\/wp-json\/wp\/v2\/comments?post=17069"}],"version-history":[{"count":0,"href":"https:\/\/www.newsrecorder.ro\/app\/wp-json\/wp\/v2\/posts\/17069\/revisions"}],"wp:featuredmedia":[{"embeddable":true,"href":"https:\/\/www.newsrecorder.ro\/app\/wp-json\/wp\/v2\/media\/17070"}],"wp:attachment":[{"href":"https:\/\/www.newsrecorder.ro\/app\/wp-json\/wp\/v2\/media?parent=17069"}],"wp:term":[{"taxonomy":"category","embeddable":true,"href":"https:\/\/www.newsrecorder.ro\/app\/wp-json\/wp\/v2\/categories?post=17069"},{"taxonomy":"post_tag","embeddable":true,"href":"https:\/\/www.newsrecorder.ro\/app\/wp-json\/wp\/v2\/tags?post=17069"}],"curies":[{"name":"wp","href":"https:\/\/api.w.org\/{rel}","templated":true}]}}