{"id":17071,"date":"2026-05-01T20:11:53","date_gmt":"2026-05-01T20:11:53","guid":{"rendered":"https:\/\/www.newsrecorder.ro\/app\/2026\/05\/01\/jocul-luminii-o-intalnire-captivanta-intre-generatii-din-6-mai\/"},"modified":"2026-05-01T20:11:53","modified_gmt":"2026-05-01T20:11:53","slug":"jocul-luminii-o-intalnire-captivanta-intre-generatii-din-6-mai","status":"publish","type":"post","link":"https:\/\/www.newsrecorder.ro\/app\/2026\/05\/01\/jocul-luminii-o-intalnire-captivanta-intre-generatii-din-6-mai\/","title":{"rendered":"\u201eJocul luminii\u201d: O \u00eent\u00e2lnire captivant\u0103 \u00eentre genera\u021bii, din 6 mai!"},"content":{"rendered":"<p>C\u00e2nd Dumnezeu a rostit \u201es\u0103 fie lumin\u0103\u201d, a creat o distinc\u021bie fundamental\u0103 \u00eentre timp \u0219i netimp. De la acea clip\u0103, lumina a \u00eenceput s\u0103 contureze Crea\u021bia, aduc\u00e2nd-o \u00een sfera m\u0103surabilului, dar, \u00een acela\u0219i timp, a \u201elumineaz\u0103 \u00een \u00eentuneric, iar \u00eentunericul nu a cuprins-o\u201d.<\/p>\n<p>Lumina relev\u0103 Necuprinsul, devenind esen\u021bial\u0103 pentru auto-reflec\u021bie, \u00een timp ce \u00eentunericul ofer\u0103 ascunzi\u0219. A\u0219a se contureaz\u0103 un \u201ejoc al luminii\u201d, o interac\u021biune \u00eentre vizibil \u0219i invizibil.<\/p>\n<p>Regizorul Ovidiu Georgescu le propune spectatorilor rom\u00e2ni o experien\u021b\u0103 cinematografic\u0103 unic\u0103, un film introspectiv care poate rezoneaz\u0103 cu toate genera\u021biile. \u201eJocul luminii\u201d exploreaz\u0103 rela\u021bia complex\u0103 dintre Paul (Nicu Mihoc), un fost actor aflat \u00eentr-un azil izolat, \u0219i fiul s\u0103u Johnny (Marius Turdeanu), un finan\u021bist stabilit \u00een New York, care se reg\u0103sesc dup\u0103 20 de ani.<\/p>\n<p>Acest film reflect\u0103 via\u021ba \u00een \u00eentreaga ei complexitate: tensiuni, orgolii, t\u0103ceri \u0219i emo\u021bii ad\u00e2nc \u00eengropate. Cinema-ul de camer\u0103, a\u0219a cum este definit de Georgescu, se concentreaz\u0103 pe introspec\u021bie, \u00een detrimentul spectacolului.<\/p>\n<p><strong>Mediafax: Filmul \u201eJocul luminii\u201d, care va avea premiera pe 6 mai, \u00ee\u0219i are originea \u00een piesa de teatru \u201eNu mai sunt vi\u0219ine. La cin\u0103\u201d, scris\u0103 de Teodora Herghelegiu. Cum s-au intersectat teatrul \u0219i filmul \u00een acest proiect?<\/strong><\/p>\n<p><strong>Ovidiu Georgescu<\/strong>: Piesa Teodorei a fost un punct de plecare, nu un final. Am adoptat arhitectura narativ\u0103 a piesei, dar am g\u00e2ndit-o \u00een termeni strict cinematografici. Am decis s\u0103 construiesc un film, nu s\u0103 filmez o pies\u0103, iar camera se apropie de actor, c\u0103ut\u00e2ndu-i expresiile \u0219i emo\u021biile. A\u0219a am creat un miez vizual bazat pe t\u0103ceri \u0219i tr\u0103iri interioare. Spre deosebire de teatru, unde distan\u021ba dintre scen\u0103 \u0219i public impune o anumit\u0103 construc\u021bie a rolului, la mine, camera este at\u00e2t de aproape \u00eenc\u00e2t orice falsitate devine evident\u0103.<\/p>\n<p>Spiritul teatral este prezent \u00een esen\u021ba <em>Kammerspielfilm<\/em>-ului, un gen cinematografic \u00een care spa\u021biul restr\u00e2ns \u0219i actorii poart\u0103 \u00eentreaga greutate a dramei. Loca\u021bia unic\u0103 a azilului devine un personaj \u00een sine, iar cele dou\u0103 arte s-au \u00eembinat prin asumare, nu prin compromis. Am dorit un film care s\u0103 reflecte nervul \u0219i esen\u021ba teatrului, dar cu intimitatea specific\u0103 cinematografului.<\/p>\n<p><strong>Mediafax: \u201eJocul luminii\u201d exploreaz\u0103 rela\u021bia complex\u0103 dintre un tat\u0103 \u0219i un fiu, plec\u00e2nd de la o dinamic\u0103 de apropiere \u0219i dorin\u021b\u0103 de iubire. Ce v-a atras cel mai mult la aceast\u0103 poveste?<\/strong><\/p>\n<p><strong>Ovidiu Georgescu<\/strong>: M-a fascinat fragilitatea \u0219i duritatea iubirii care nu mai \u0219tie cum s\u0103 se exprime. Rela\u021bia p\u0103rinte-copil este universal\u0103, dar \u0219i profund particular\u0103. M-a interesat incapacitatea de a comunica autentic, chiar \u0219i \u00een fa\u021ba dorin\u021bei de apropiere. Dinamica dintre tat\u0103 \u0219i fiu nu se bazeaz\u0103 pe conflicte spectaculoase, ci pe lucruri nespuse, orgolii \u0219i ego, care ascund vulnerabilitatea. Tat\u0103l, un fost actor, tr\u0103ie\u0219te \u00een iluziile sale, \u00een timp ce fiul vine cu o logic\u0103 pragmatic\u0103. Rela\u021bia lor dezv\u0103luie nu doar o diferen\u021b\u0103 de genera\u021bie, ci \u0219i o diferen\u021b\u0103 de limbaj emo\u021bional.<\/p>\n<p>Decizia de a spune aceast\u0103 poveste acum reflect\u0103 o realitate mai larg\u0103, \u00een care rela\u021biile devin din ce \u00een ce mai fragmentate. Tr\u0103im \u00eentr-o lume cu o comunicare constant\u0103, dar \u00een care esen\u021bialul r\u0103m\u00e2ne adesea neexprimat. De asemenea, m-a interesat ideea de \u201eprea t\u00e2rziu\u201d, acel moment \u00een care realiz\u0103m c\u0103 dorim s\u0103 repar\u0103m ceva, dar nu mai avem timpul necesar. Filmul nu d\u0103 solu\u021bii, dar provoac\u0103 spectatorii s\u0103 reflecteze asupra lucrurilor pe care le am\u00e2n\u0103.<\/p>\n<p><strong>Mediafax: Care crede\u021bi c\u0103 va fi impactul emo\u021bional asupra spectatorilor care vor viziona filmul?<\/strong><\/p>\n<p><strong>Ovidiu Georgescu<\/strong>: Impactul emo\u021bional nu provine dintr-un moment singular, ci din acumulare. Spectatorii se vor reg\u0103si \u00een fragmentele rela\u021biei dintre tat\u0103 \u0219i fiu. Confrunt\u0103rile directe dintre cei doi, cu ironie, luciditate \u0219i repro\u0219uri, creeaz\u0103 o tensiune recognoscibil\u0103. Tat\u0103l \u0219i fiul nu sunt niciodat\u0103 complet sinceri, iar aceast\u0103 duplicitate este familiar\u0103 pentru mul\u021bi. De asemenea, filmul abordeaz\u0103 tema e\u0219ecului uman, \u00eencercarea de a repara ceva dup\u0103 prea mult timp, gener\u00e2nd emo\u021bii profunde.<\/p>\n<p>Finalul filmului, f\u0103r\u0103 a fi dezv\u0103luit, transform\u0103 tot ce a fost v\u0103zut \u00eentr-o alt\u0103 lumin\u0103, l\u0103s\u00e2nd spectatorul cu \u00eentreb\u0103ri despre propria rela\u021bie cu p\u0103rin\u021bii sau copiii. Cred c\u0103 mul\u021bi vor pleca cu nevoia de a exprima lucruri am\u00e2nate.<\/p>\n<p><strong>Mediafax: \u00cen ce m\u0103sur\u0103 ne reg\u0103sim \u00een povestea celor doi protagoni\u0219ti?<\/strong><\/p>\n<p><strong>Ovidiu Georgescu<\/strong>: Ne reg\u0103sim mai mult dec\u00e2t ne-ar pl\u0103cea s\u0103 recunoa\u0219tem. Povestea este construit\u0103 din situa\u021bii comune, tr\u0103ite \u00een diverse forme, fie ca p\u0103rin\u021bi, fie ca copii. Universul rela\u021biei dintre genera\u021bii nu este legat de un context specific, ci de o diferen\u021b\u0103 de perspective asupra vie\u021bii. Fiecare personaj consider\u0103 c\u0103 de\u021bine \u201eadev\u0103rul\u201d, ceea ce duce la un conflict greu de reconciliat.<\/p>\n<p>De asemenea, tema lucrurilor nespuse este central\u0103. Fiecare spectator poate identifica momente \u00een care nu a exprimat esen\u021bialul din orgoliu sau teama, iar filmul ilustreaz\u0103 aceast\u0103 acumulare t\u0103cut\u0103. Dinamica dintre personaje reflect\u0103 realitatea contemporan\u0103, \u00een care mobilitatea \u0219i succesul pot fractura rela\u021biile personale. Fiul provine dintr-un univers diferit, iar aceast\u0103 ruptur\u0103 este at\u00e2t fizic\u0103, c\u00e2t \u0219i emo\u021bional\u0103.<\/p>\n<p>\u00cen cele din urm\u0103, ideea de vinov\u0103\u021bie \u0219i regret este universal\u0103. To\u021bi ajungem s\u0103 ne \u00eentreb\u0103m dac\u0103 am fost suficient de prezen\u021bi pentru cei dragi. Filmul nu ofer\u0103 r\u0103spunsuri, dar creeaz\u0103 un spa\u021biu pentru aceste \u00eentreb\u0103ri.<\/p>\n<p><strong>Mediafax: Cum a\u021bi g\u00e2ndit cromatica filmului, dominat\u0103 de albastru \u0219i maro?<\/strong><\/p>\n<p><strong>Ovidiu Georgescu<\/strong>: Cromatica nu este aleas\u0103 doar pentru estetic\u0103, ci ca o extensie vizual\u0103 a tensiunii dintre personaje. Albastrul simbolizeaz\u0103 distan\u021ba, ra\u021bionalitatea \u0219i succesul fiului, \u00een timp ce maroul se leag\u0103 de interior, de uzur\u0103 \u0219i de trecut. Spa\u021biul azilului devine un organism viu, \u00een care personajul tat\u0103lui este deja absorbit. Conflictul dintre cele dou\u0103 culori reflect\u0103 tensiunea dintre prezent \u0219i trecut, iar pe m\u0103sur\u0103 ce povestea avanseaz\u0103, aceste culori interac\u021bioneaz\u0103, simboliz\u00e2nd evolu\u021bia rela\u021biei dintre personaje.<\/p>\n<p>Lumina, eviden\u021biat\u0103 chiar \u00een titlu, jongleaz\u0103 \u00eentre cele dou\u0103 culori, uneori apropiindu-le, alteori separ\u00e2ndu-le.<\/p>\n<p><strong>Mediafax: \u201eJocul luminii\u201d este primul film dintr-o trilogie dedicat\u0103 Kammerspielfilm. Ce v\u0103 atrage la acest gen \u0219i cum va evolua \u00een proiectele viitoare?<\/strong><\/p>\n<p><strong>Ovidiu Georgescu<\/strong>: M\u0103 atrage rigoarea \u0219i onestitatea acestui tip de cinema, care nu permite ascunzi\u0219uri. Totul se reduce la esen\u021bial: actor, rela\u021bie, tensiune. Spa\u021biul restr\u00e2ns devine un mediu profund, iar apropierea de personaje permite o intimitate rar \u00eent\u00e2lnit\u0103 \u00een alte forme de cinema. \u00cen \u201eJocul luminii\u201d, aceast\u0103 form\u0103 a fost natural\u0103, iar \u00een viitor, voi explora rela\u021bii diferite, p\u0103str\u00e2nd aceea\u0219i tensiune.<\/p>\n<p>Trilogia va aborda fragilit\u0103\u021bi umane diverse, explor\u00e2nd raporturile de putere \u0219i nevoia de apropiere, concentr\u00e2ndu-se pe adev\u0103rul emo\u021bional.<\/p>\n<p><strong>Mediafax: Exist\u0103 o leg\u0103tur\u0103 \u00eentre cele trei filme ale trilogiei?<\/strong><\/p>\n<p><strong>Ovidiu Georgescu<\/strong>: Leg\u0103tura nu este narativ\u0103, ci const\u0103 \u00een coeren\u021ba tematic\u0103 \u0219i emo\u021bional\u0103. Cele trei filme se concentreaz\u0103 pe rela\u021biile tensionate \u0219i confrunt\u0103rile intime. Este o trilogie a fragilit\u0103\u021bii, a lucrurilor nespuse \u0219i a \u00eencerc\u0103rilor de apropiere. Exist\u0103 o continuitate stilistic\u0103, dar fiecare film va explora o alt\u0103 configura\u021bie uman\u0103.<\/p>\n<p>\u201eJocul luminii\u201d abordeaz\u0103 rela\u021bia p\u0103rinte-copil, \u00een timp ce viitoarele filme, \u201eBalad\u0103 pentru flaut \u015fi fizic\u0103 cuantic\u0103\u201d \u0219i \u201eGoRe \u2013 Go &amp; Return\u201d, se vor concentra pe alte leg\u0103turi, p\u0103str\u00e2nd aceea\u0219i tensiune.<\/p>\n<p>Trilogia va provoca spectatorii s\u0103 se recunoasc\u0103 \u0219i s\u0103-\u0219i pun\u0103 \u00eentreb\u0103ri, refuz\u00e2nd solu\u021biile simple.<\/p>\n<p><strong>Mediafax: Ce mesaj le transmite\u021bi studen\u021bilor despre cum s\u0103 \u00ee\u0219i p\u0103streze identitatea artistic\u0103 \u00eentr-o er\u0103 a consumului rapid de con\u021binut video?<\/strong><\/p>\n<p><strong>Ovidiu Georgescu<\/strong>: Le spun c\u0103 nu exist\u0103 o contradic\u021bie \u00eentre ritmul rapid al lumii \u0219i rigoarea artistic\u0103, ci tenta\u021bia de a confunda vizibilitatea cu valoarea. \u00centr-o er\u0103 a consumului rapid, este important s\u0103 nu-\u0219i dilueze vocea pentru succesul imediat. Identitatea artistic\u0103 se construie\u0219te \u00een timp, prin consecven\u021b\u0103 \u0219i dialog onest cu \u00eentreb\u0103rile proprii.<\/p>\n<p>\u00cei \u00eencurajez s\u0103 nu piard\u0103 r\u0103bdarea \u0219i s\u0103 nu se adapteze \u00een mod superficial. Ceea ce r\u0103m\u00e2ne nu este viteza de produc\u021bie, ci capacitatea de a comunica ceva valoros, \u00eentr-o form\u0103 autentic\u0103. Este esen\u021bial s\u0103 \u00een\u021beleag\u0103 noile medii, dar f\u0103r\u0103 a deveni dependen\u021bi de ele, p\u0103str\u00e2nd adev\u0103rul \u00een exprimare.<\/p>\n<p>Ca profesor, caut s\u0103-i ghidez spre un echilibru \u00eentre deschiderea c\u0103tre prezent \u0219i fidelitatea fa\u021b\u0103 de demersul personal. \u00cen cele din urm\u0103, ceea ce conteaz\u0103 este mesajul \u0219i autenticitatea acestuia.<\/p>\n","protected":false},"excerpt":{"rendered":"<p>C\u00e2nd Dumnezeu a rostit \u201es\u0103 fie lumin\u0103\u201d, a creat o distinc\u021bie fundamental\u0103 \u00eentre timp \u0219i netimp. De la acea clip\u0103, lumina a \u00eenceput s\u0103 contureze Crea\u021bia, aduc\u00e2nd-o \u00een sfera m\u0103surabilului, dar, \u00een acela\u0219i timp, a \u201elumineaz\u0103 \u00een \u00eentuneric, iar \u00eentunericul nu a cuprins-o\u201d. Lumina relev\u0103 Necuprinsul, devenind esen\u021bial\u0103 pentru auto-reflec\u021bie, \u00een timp ce \u00eentunericul ofer\u0103 [&hellip;]<\/p>\n","protected":false},"author":7,"featured_media":17072,"comment_status":"open","ping_status":"open","sticky":false,"template":"","format":"standard","meta":{"jnews-multi-image_gallery":[],"jnews_single_post":[],"jnews_primary_category":[],"jnews_override_counter":[],"footnotes":""},"categories":[43],"tags":[12575,223,6941,1006,18965,18754,18755,3281],"class_list":["post-17071","post","type-post","status-publish","format-standard","has-post-thumbnail","hentry","category-cultura","tag-creatie","tag-film","tag-generatii","tag-introspectie","tag-intuneric","tag-lumina","tag-ovidiu-georgescu","tag-relatie"],"_links":{"self":[{"href":"https:\/\/www.newsrecorder.ro\/app\/wp-json\/wp\/v2\/posts\/17071","targetHints":{"allow":["GET"]}}],"collection":[{"href":"https:\/\/www.newsrecorder.ro\/app\/wp-json\/wp\/v2\/posts"}],"about":[{"href":"https:\/\/www.newsrecorder.ro\/app\/wp-json\/wp\/v2\/types\/post"}],"author":[{"embeddable":true,"href":"https:\/\/www.newsrecorder.ro\/app\/wp-json\/wp\/v2\/users\/7"}],"replies":[{"embeddable":true,"href":"https:\/\/www.newsrecorder.ro\/app\/wp-json\/wp\/v2\/comments?post=17071"}],"version-history":[{"count":0,"href":"https:\/\/www.newsrecorder.ro\/app\/wp-json\/wp\/v2\/posts\/17071\/revisions"}],"wp:featuredmedia":[{"embeddable":true,"href":"https:\/\/www.newsrecorder.ro\/app\/wp-json\/wp\/v2\/media\/17072"}],"wp:attachment":[{"href":"https:\/\/www.newsrecorder.ro\/app\/wp-json\/wp\/v2\/media?parent=17071"}],"wp:term":[{"taxonomy":"category","embeddable":true,"href":"https:\/\/www.newsrecorder.ro\/app\/wp-json\/wp\/v2\/categories?post=17071"},{"taxonomy":"post_tag","embeddable":true,"href":"https:\/\/www.newsrecorder.ro\/app\/wp-json\/wp\/v2\/tags?post=17071"}],"curies":[{"name":"wp","href":"https:\/\/api.w.org\/{rel}","templated":true}]}}