{"id":17077,"date":"2026-05-01T20:12:53","date_gmt":"2026-05-01T20:12:53","guid":{"rendered":"https:\/\/www.newsrecorder.ro\/app\/2026\/05\/01\/sorin-grindeanu-ataca-bolojan-foloseste-un-limbaj-fascist\/"},"modified":"2026-05-01T20:12:53","modified_gmt":"2026-05-01T20:12:53","slug":"sorin-grindeanu-ataca-bolojan-foloseste-un-limbaj-fascist","status":"publish","type":"post","link":"https:\/\/www.newsrecorder.ro\/app\/2026\/05\/01\/sorin-grindeanu-ataca-bolojan-foloseste-un-limbaj-fascist\/","title":{"rendered":"Sorin Grindeanu atac\u0103: \u201eBolojan folose\u0219te un limbaj fascist!\u201d"},"content":{"rendered":"<p>\u00centr-o apari\u021bie recent\u0103 la Antena 3 CNN, pre\u0219edintele PSD, Sorin Grindeanu, a lansat acuza\u021bii dure la adresa premierului Ilie Bolojan, caracteriz\u00e2ndu-i limbajul drept \u201efascist\u201d. Grindeanu a comparat discursul acestuia cu propaganda lui Goebbels, utilizat\u0103 \u00eenainte \u0219i \u00een timpul celui de-al Doilea R\u0103zboi Mondial.<\/p>\n<p>Liderul social-democrat a subliniat c\u0103 el nu consider\u0103 c\u0103 este corect s\u0103 foloseasc\u0103 un astfel de limbaj \u0219i a criticat atitudinea premierului, men\u021bion\u00e2nd c\u0103 acesta pare s\u0103 aib\u0103 un \u201efeti\u0219 politic\u201d. Grindeanu a explicat: \u201ea g\u0103sit dintr-o dat\u0103 \u0219i a aprins lumina; v\u0103d c\u0103 este un feti\u0219 politic, cu c\u0103m\u0103ri, cu lumini aprinse \u0219i cu \u0219obolani\u201d.<\/p>\n<p>De asemenea, Grindeanu a ridicat o \u00eentrebare pertinent\u0103, suger\u00e2nd c\u0103, av\u00e2nd \u00een vedere \u201edescoperirile\u201d f\u0103cute de Bolojan, ar trebui s\u0103 depun\u0103 o pl\u00e2ngere la institu\u021biile statului, altfel s-ar putea confrunta cu acuza\u021bia de t\u0103inuire.<\/p>\n","protected":false},"excerpt":{"rendered":"<p>\u00centr-o apari\u021bie recent\u0103 la Antena 3 CNN, pre\u0219edintele PSD, Sorin Grindeanu, a lansat acuza\u021bii dure la adresa premierului Ilie Bolojan, caracteriz\u00e2ndu-i limbajul drept \u201efascist\u201d. Grindeanu a comparat discursul acestuia cu propaganda lui Goebbels, utilizat\u0103 \u00eenainte \u0219i \u00een timpul celui de-al Doilea R\u0103zboi Mondial. Liderul social-democrat a subliniat c\u0103 el nu consider\u0103 c\u0103 este corect s\u0103 [&hellip;]<\/p>\n","protected":false},"author":2,"featured_media":17078,"comment_status":"open","ping_status":"open","sticky":false,"template":"","format":"standard","meta":{"jnews-multi-image_gallery":[],"jnews_single_post":[],"jnews_primary_category":[],"jnews_override_counter":[],"footnotes":""},"categories":[42],"tags":[643,19296,19295,302,19138,19297,300,637],"class_list":["post-17077","post","type-post","status-publish","format-standard","has-post-thumbnail","hentry","category-politica","tag-acuzatii","tag-fetis-politic","tag-goebbels","tag-ilie-bolojan","tag-limbaj-fascist","tag-plangere-stat","tag-psd","tag-sorin-grindeanu"],"_links":{"self":[{"href":"https:\/\/www.newsrecorder.ro\/app\/wp-json\/wp\/v2\/posts\/17077","targetHints":{"allow":["GET"]}}],"collection":[{"href":"https:\/\/www.newsrecorder.ro\/app\/wp-json\/wp\/v2\/posts"}],"about":[{"href":"https:\/\/www.newsrecorder.ro\/app\/wp-json\/wp\/v2\/types\/post"}],"author":[{"embeddable":true,"href":"https:\/\/www.newsrecorder.ro\/app\/wp-json\/wp\/v2\/users\/2"}],"replies":[{"embeddable":true,"href":"https:\/\/www.newsrecorder.ro\/app\/wp-json\/wp\/v2\/comments?post=17077"}],"version-history":[{"count":0,"href":"https:\/\/www.newsrecorder.ro\/app\/wp-json\/wp\/v2\/posts\/17077\/revisions"}],"wp:featuredmedia":[{"embeddable":true,"href":"https:\/\/www.newsrecorder.ro\/app\/wp-json\/wp\/v2\/media\/17078"}],"wp:attachment":[{"href":"https:\/\/www.newsrecorder.ro\/app\/wp-json\/wp\/v2\/media?parent=17077"}],"wp:term":[{"taxonomy":"category","embeddable":true,"href":"https:\/\/www.newsrecorder.ro\/app\/wp-json\/wp\/v2\/categories?post=17077"},{"taxonomy":"post_tag","embeddable":true,"href":"https:\/\/www.newsrecorder.ro\/app\/wp-json\/wp\/v2\/tags?post=17077"}],"curies":[{"name":"wp","href":"https:\/\/api.w.org\/{rel}","templated":true}]}}