{"id":17079,"date":"2026-05-01T20:13:13","date_gmt":"2026-05-01T20:13:13","guid":{"rendered":"https:\/\/www.newsrecorder.ro\/app\/2026\/05\/01\/sorin-grindeanu-modelul-bolojan-vs-nastratin-hogea-si-magarul-2\/"},"modified":"2026-05-01T20:13:13","modified_gmt":"2026-05-01T20:13:13","slug":"sorin-grindeanu-modelul-bolojan-vs-nastratin-hogea-si-magarul-2","status":"publish","type":"post","link":"https:\/\/www.newsrecorder.ro\/app\/2026\/05\/01\/sorin-grindeanu-modelul-bolojan-vs-nastratin-hogea-si-magarul-2\/","title":{"rendered":"Sorin Grindeanu: \u201eModelul Bolojan\u201d vs. Nastratin Hogea \u0219i m\u0103garul!"},"content":{"rendered":"<p>\u00cen cadrul unei recente declara\u021bii, Grindeanu a fost \u00eentrebat despre m\u0103surile pe care le-ar lua pentru a remedia efectele unor decizii economice recente. R\u0103spunsul s\u0103u a fost clar: modelul bazat pe austeritate a e\u0219uat.<\/p>\n<p>\u201e\u00cen primul r\u00e2nd, trebuie s\u0103 subliniem c\u00e2teva aspecte care ne-au adus \u00een aceast\u0103 situa\u021bie. Este evident c\u0103 strategia propus\u0103 de Ilie Bolojan, centrat\u0103 pe austeritate \u0219i t\u0103ieri, nu a reu\u0219it s\u0103 ating\u0103 obiectivele dorite\u201d, a afirmat liderul PSD.<\/p>\n<p>Grindeanu a subliniat c\u0103 reducerea deficitului a fost realizat\u0103 \u00een detrimentul investi\u021biilor. \u201eAm observat o serie de voci care se laud\u0103, spun\u00e2nd c\u0103 suntem pe drumul cel bun: \u00een primul trimestru, deficitul este semnificativ mai mic comparativ cu aceea\u0219i perioad\u0103 de anul trecut\u201d, a declarat el.<\/p>\n<p>Cu toate acestea, Grindeanu a accentuat c\u0103, \u00een primul trimestru, cheltuielile statului au crescut considerabil. \u201eCheltuielile au crescut cu 1,2 miliarde de lei fa\u021b\u0103 de 2025, \u00een primele trei luni, \u00een timp ce investi\u021biile au sc\u0103zut cu 6,5%\u201d, a explicat el. \u00cen acest context, reducerea deficitului devine evident\u0103, dar este o situa\u021bie similar\u0103 cu povestea lui Nastratin Hogea \u0219i m\u0103garul. Nastratin l-a \u00eenv\u0103\u021bat pe m\u0103gar s\u0103 nu mai m\u0103n\u00e2nce \u0219i a fost foarte mul\u021bumit de rezultat, dar, \u00een cele din urm\u0103, m\u0103garul a murit\u201d, a ad\u0103ugat liderul PSD.<\/p>\n<p>\u201eAcum, v\u0103 \u00eentreb, cine este Nastratin \u0219i cine este m\u0103garul \u00een povestea noastr\u0103, din p\u0103cate?\u201d, a \u00eencheiat Grindeanu, l\u0103s\u00e2nd loc de reflec\u021bie asupra situa\u021biei economice actuale.<\/p>\n","protected":false},"excerpt":{"rendered":"<p>\u00cen cadrul unei recente declara\u021bii, Grindeanu a fost \u00eentrebat despre m\u0103surile pe care le-ar lua pentru a remedia efectele unor decizii economice recente. R\u0103spunsul s\u0103u a fost clar: modelul bazat pe austeritate a e\u0219uat. \u201e\u00cen primul r\u00e2nd, trebuie s\u0103 subliniem c\u00e2teva aspecte care ne-au adus \u00een aceast\u0103 situa\u021bie. Este evident c\u0103 strategia propus\u0103 de Ilie [&hellip;]<\/p>\n","protected":false},"author":2,"featured_media":17080,"comment_status":"open","ping_status":"open","sticky":false,"template":"","format":"standard","meta":{"jnews-multi-image_gallery":[],"jnews_single_post":[],"jnews_primary_category":[],"jnews_override_counter":[],"footnotes":""},"categories":[42],"tags":[2613,167,160,8475,302,420,2138,300],"class_list":["post-17079","post","type-post","status-publish","format-standard","has-post-thumbnail","hentry","category-politica","tag-austeritate","tag-cheltuieli","tag-deficit","tag-grindeanu","tag-ilie-bolojan","tag-investitii","tag-masuri-economice","tag-psd"],"_links":{"self":[{"href":"https:\/\/www.newsrecorder.ro\/app\/wp-json\/wp\/v2\/posts\/17079","targetHints":{"allow":["GET"]}}],"collection":[{"href":"https:\/\/www.newsrecorder.ro\/app\/wp-json\/wp\/v2\/posts"}],"about":[{"href":"https:\/\/www.newsrecorder.ro\/app\/wp-json\/wp\/v2\/types\/post"}],"author":[{"embeddable":true,"href":"https:\/\/www.newsrecorder.ro\/app\/wp-json\/wp\/v2\/users\/2"}],"replies":[{"embeddable":true,"href":"https:\/\/www.newsrecorder.ro\/app\/wp-json\/wp\/v2\/comments?post=17079"}],"version-history":[{"count":0,"href":"https:\/\/www.newsrecorder.ro\/app\/wp-json\/wp\/v2\/posts\/17079\/revisions"}],"wp:featuredmedia":[{"embeddable":true,"href":"https:\/\/www.newsrecorder.ro\/app\/wp-json\/wp\/v2\/media\/17080"}],"wp:attachment":[{"href":"https:\/\/www.newsrecorder.ro\/app\/wp-json\/wp\/v2\/media?parent=17079"}],"wp:term":[{"taxonomy":"category","embeddable":true,"href":"https:\/\/www.newsrecorder.ro\/app\/wp-json\/wp\/v2\/categories?post=17079"},{"taxonomy":"post_tag","embeddable":true,"href":"https:\/\/www.newsrecorder.ro\/app\/wp-json\/wp\/v2\/tags?post=17079"}],"curies":[{"name":"wp","href":"https:\/\/api.w.org\/{rel}","templated":true}]}}