{"id":17081,"date":"2026-05-01T20:13:30","date_gmt":"2026-05-01T20:13:30","guid":{"rendered":"https:\/\/www.newsrecorder.ro\/app\/2026\/05\/01\/psd-promite-masuri-sociale-dar-nu-le-asteptati-prea-curand\/"},"modified":"2026-05-01T20:13:30","modified_gmt":"2026-05-01T20:13:30","slug":"psd-promite-masuri-sociale-dar-nu-le-asteptati-prea-curand","status":"publish","type":"post","link":"https:\/\/www.newsrecorder.ro\/app\/2026\/05\/01\/psd-promite-masuri-sociale-dar-nu-le-asteptati-prea-curand\/","title":{"rendered":"PSD promite m\u0103suri sociale, dar nu le a\u0219tepta\u021bi prea cur\u00e2nd!"},"content":{"rendered":"<p>Sorin Grindeanu a fost invitat, joi seara, la emisiunea de la Antena 3 CNN, unde a discutat despre planurile PSD \u00een cazul unei reveniri la guvernare, \u00een special referitor la contribu\u021biile la s\u0103n\u0103tate pentru mame \u0219i pensionari.<\/p>\n<p>\u201eAceasta este propunerea noastr\u0103, dup\u0103 cum bine \u0219ti\u021bi. Este important s\u0103 preciz\u0103m c\u0103, la nivel european, Comisia European\u0103 a solicitat ca pensionarii, de la o anumit\u0103 pensie \u00een sus, s\u0103 pl\u0103teasc\u0103 contribu\u021bii pentru asigur\u0103rile de s\u0103n\u0103tate. A\u0219adar, trebuie s\u0103 fim transparen\u021bi: ceea ce este adev\u0103rat, trebuie s\u0103 recunoa\u0219tem, iar ceea ce nu este, s\u0103 l\u0103murim. Au existat excese \u00een cazul mamelor, veteranilor de r\u0103zboi \u0219i de\u021binu\u021bilor politici. \u00cen ceea ce prive\u0219te mamele, cred c\u0103 este un gest de bun sim\u021b s\u0103 intervenim. \u00cen cazul pensionarilor, ar trebui s\u0103 ne g\u00e2ndim la cei care au pensii de la un anumit nivel \u00een sus. Aceste cerin\u021be provin din partea Comisiei Europene. Cu toate acestea, nu \u00een\u021beleg de ce nu s-a implementat aceast\u0103 contribu\u021bie pentru pensiile de la 3.000 de lei \u00een sus, av\u00e2nd \u00een vedere infla\u021bia de 10% care a crescut nivelul acestora la 3.300 lei. Asta ar trebui s\u0103 fie logica\u201d, a explicat Grindeanu.<\/p>\n<p>C\u00e2nd a fost \u00eentrebat despre posibila reducere a TVA-ului la 19%, a\u0219a cum a sugerat primarul Craiovei, Lia Olgu\u021ba Vasilescu, Sorin Grindeanu a r\u0103spuns c\u0103 o astfel de m\u0103sur\u0103 va fi luat\u0103 \u201eatunci c\u00e2nd politicile economice \u00ee\u0219i vor atinge obiectivele. Trebuie s\u0103 revitaliz\u0103m economia \u0219i s\u0103 impulsion\u0103m investi\u021biile, fie c\u0103 vorbim de cele na\u021bionale sau locale\u201d.<\/p>\n<p>Grindeanu a subliniat necesitatea relu\u0103rii programelor na\u021bionale, men\u021bion\u00e2nd c\u0103 unele dintre acestea au fost reduse f\u0103r\u0103 justificare. \u201eDe exemplu, programul RABLA, care nu doar c\u0103 aducea beneficii statului, dar \u0219i oferea locuri de munc\u0103 \u00een uzinele din Rom\u00e2nia, a fost afectat. Atunci c\u00e2nd aceste m\u0103suri vor \u00eencepe s\u0103 aib\u0103 un impact pozitiv asupra economiei, este evident c\u0103 toat\u0103 lumea \u00ee\u0219i dore\u0219te s\u0103 reduc\u0103 impozitele. Nimeni nu este \u00eempotriva acestui lucru. Totu\u0219i, este esen\u021bial s\u0103 oferim \u00eencredere cet\u0103\u021benilor \u0219i investitorilor. \u00cen prezent, oamenii sunt \u00eengrijora\u021bi \u0219i consumul a sc\u0103zut constant \u00een ultimele \u0219apte luni. Este necesar s\u0103 red\u0103m speran\u021ba \u0219i \u00eencrederea, iar guvernul actual nu reu\u0219e\u0219te s\u0103 fac\u0103 acest lucru. Din acest motiv, este timpul s\u0103 se fac\u0103 o schimbare\u201d, a concluzionat pre\u0219edintele PSD. <\/p>\n","protected":false},"excerpt":{"rendered":"<p>Sorin Grindeanu a fost invitat, joi seara, la emisiunea de la Antena 3 CNN, unde a discutat despre planurile PSD \u00een cazul unei reveniri la guvernare, \u00een special referitor la contribu\u021biile la s\u0103n\u0103tate pentru mame \u0219i pensionari. \u201eAceasta este propunerea noastr\u0103, dup\u0103 cum bine \u0219ti\u021bi. Este important s\u0103 preciz\u0103m c\u0103, la nivel european, Comisia European\u0103 [&hellip;]<\/p>\n","protected":false},"author":2,"featured_media":17082,"comment_status":"open","ping_status":"open","sticky":false,"template":"","format":"standard","meta":{"jnews-multi-image_gallery":[],"jnews_single_post":[],"jnews_primary_category":[],"jnews_override_counter":[],"footnotes":""},"categories":[42],"tags":[499,19141,526,12335,2156,300,637,1842],"class_list":["post-17081","post","type-post","status-publish","format-standard","has-post-thumbnail","hentry","category-politica","tag-comisia-europeana","tag-contributii-sanatate","tag-guvernare","tag-mame","tag-pensionari","tag-psd","tag-sorin-grindeanu","tag-transparenta"],"_links":{"self":[{"href":"https:\/\/www.newsrecorder.ro\/app\/wp-json\/wp\/v2\/posts\/17081","targetHints":{"allow":["GET"]}}],"collection":[{"href":"https:\/\/www.newsrecorder.ro\/app\/wp-json\/wp\/v2\/posts"}],"about":[{"href":"https:\/\/www.newsrecorder.ro\/app\/wp-json\/wp\/v2\/types\/post"}],"author":[{"embeddable":true,"href":"https:\/\/www.newsrecorder.ro\/app\/wp-json\/wp\/v2\/users\/2"}],"replies":[{"embeddable":true,"href":"https:\/\/www.newsrecorder.ro\/app\/wp-json\/wp\/v2\/comments?post=17081"}],"version-history":[{"count":0,"href":"https:\/\/www.newsrecorder.ro\/app\/wp-json\/wp\/v2\/posts\/17081\/revisions"}],"wp:featuredmedia":[{"embeddable":true,"href":"https:\/\/www.newsrecorder.ro\/app\/wp-json\/wp\/v2\/media\/17082"}],"wp:attachment":[{"href":"https:\/\/www.newsrecorder.ro\/app\/wp-json\/wp\/v2\/media?parent=17081"}],"wp:term":[{"taxonomy":"category","embeddable":true,"href":"https:\/\/www.newsrecorder.ro\/app\/wp-json\/wp\/v2\/categories?post=17081"},{"taxonomy":"post_tag","embeddable":true,"href":"https:\/\/www.newsrecorder.ro\/app\/wp-json\/wp\/v2\/tags?post=17081"}],"curies":[{"name":"wp","href":"https:\/\/api.w.org\/{rel}","templated":true}]}}