{"id":17083,"date":"2026-05-01T20:37:01","date_gmt":"2026-05-01T20:37:01","guid":{"rendered":"https:\/\/www.newsrecorder.ro\/app\/2026\/05\/01\/austriacul-acuzat-de-complot-terorist-la-concertul-taylor-swift-in-judecata\/"},"modified":"2026-05-01T20:37:01","modified_gmt":"2026-05-01T20:37:01","slug":"austriacul-acuzat-de-complot-terorist-la-concertul-taylor-swift-in-judecata","status":"publish","type":"post","link":"https:\/\/www.newsrecorder.ro\/app\/2026\/05\/01\/austriacul-acuzat-de-complot-terorist-la-concertul-taylor-swift-in-judecata\/","title":{"rendered":"Austriacul acuzat de complot terorist la concertul Taylor Swift, \u00een judecat\u0103!"},"content":{"rendered":"<p>Un t\u00e2n\u0103r austriac, acuzat de orchestrarea unui atac terorist asupra unui concert al celebrei artiste pop <a href=\"https:\/\/www.mediafax.ro\/externe\/ai-vs-artisti-taylor-swift-isi-protejeaza-vocea-in-fata-deepfake-urilor-23727570\">Taylor Swift<\/a>, \u00ee\u0219i va \u00eencepe procesul mar\u021bi, un caz care subliniaz\u0103 vulnerabilitatea evenimentelor culturale majore \u00een fa\u021ba extremismului violent.<\/p>\n<p>Infractorul, un austriac de 21 de ani numit Beran A., este judecat la Wiener Neustadt, \u00een apropierea capitalei Viena. Se confrunt\u0103 cu acuza\u021bii grave, inclusiv terorism \u0219i apartenen\u021b\u0103 la gruparea extremist\u0103 Stat Islamic, risc\u00e2nd o pedeaps\u0103 de p\u00e2n\u0103 la 20 de ani de \u00eenchisoare.<\/p>\n<p>Conform procurorilor, Beran A. ar fi planificat un atac asupra mul\u021bimii din fa\u021ba stadionului Ernst Happel, unde trebuiau organizate concertele artistei \u00een luna august 2024. Aproximativ 30.000 de spectatori erau a\u0219tepta\u021bi zilnic la eveniment, pe l\u00e2ng\u0103 cei 65.000 care urmau s\u0103 fie \u00een interiorul arenei.<\/p>\n<p>Planul s\u0103u implica utilizarea de cu\u021bite \u0219i explozibili artizanali, av\u00e2nd ca scop provocarea unui num\u0103r c\u00e2t mai mare de victime.<\/p>\n<p>Autorit\u0103\u021bile austriece au reu\u0219it s\u0103 intervin\u0103 \u00eenainte ca atacul s\u0103 fie pus \u00een aplicare, dup\u0103 ce au primit informa\u021bii esen\u021biale din partea serviciilor americane. Drept urmare, cele trei concerte programate au fost anulate, decizie care a generat emo\u021bii intense \u00een r\u00e2ndul fanilor.<\/p>\n<p>\u00cen ciuda anul\u0103rii concertelor, comunitatea \u201eSwifties\u201d a reac\u021bionat rapid, transform\u00e2nd ora\u0219ul \u00eentr-un simbol al solidarit\u0103\u021bii prin schimburi de br\u0103\u021b\u0103ri ale prieteniei \u0219i organiz\u00e2nd momente muzicale colective.<\/p>\n<p>Beran A. nu este singurul acuzat \u00een acest caz. El este judecat \u00eempreun\u0103 cu Arda K., un alt suspect implicat \u00eentr-un complot mai extins care viza atacuri simultane \u00een Arabia Saudit\u0103, Turcia \u0219i Emiratele Arabe Unite, programate pentru Ramadanul din 2024. Un al treilea suspect, Hasan E., a ac\u021bionat deja, \u00eenjunghiind un agent de securitate la Marea Moschee din Mecca pe 11 martie 2024, \u0219i se afl\u0103 \u00een continuare \u00een arest preventiv \u00een Arabia Saudit\u0103.<\/p>\n<p>Procurorii sus\u021bin c\u0103 acuza\u021bii au discutat despre achizi\u021bionarea de arme \u0219i fabricarea de bombe, iar Beran A. ar fi \u00eencercat s\u0103 procure ilegal armament \u00eenainte de concert. O perchezi\u021bie efectuat\u0103 pe 7 august 2024 a dus la descoperirea unor materiale pentru dispozitive explozive \u00een locuin\u021ba sa.<\/p>\n<p>Cazul a fost comparat cu atentatul din 2017 de la concertul Arianei Grande din Manchester, un atac sinuciga\u0219 care a dus la moartea a 22 de persoane \u0219i a ridicat semne de \u00eentrebare cu privire la securitatea evenimentelor publice. Taylor Swift a descris situa\u021bia drept \u201edevastatoare\u201d \u00eentr-un mesaj ulterior anul\u0103rii concertelor, m\u0103rturisind c\u0103 a fost cuprins\u0103 de \u201eun nou sentiment de fric\u0103 \u0219i o vinov\u0103\u021bie imens\u0103\u201d.<\/p>\n<p>Avocata lui Beran A. a declarat c\u0103 acesta inten\u021bioneaz\u0103 s\u0103 pledeze vinovat pentru majoritatea acuza\u021biilor, f\u0103r\u0103 a specifica exact care dintre ele. Procesul este programat s\u0103 continue pe 12 mai, \u0219i ar putea oferi clarific\u0103ri importante cu privire la amploarea re\u021belei \u0219i nivelul de radicalizare al acuza\u021bilor.<\/p>\n<p>Cazul subliniaz\u0103, \u00eenc\u0103 o dat\u0103, tensiunea dintre libertatea cultural\u0103 \u0219i necesitatea de securitate \u00eentr-o Europ\u0103 unde amenin\u021barea terorist\u0103 r\u0103m\u00e2ne o realitate. <\/p>\n","protected":false},"excerpt":{"rendered":"<p>Un t\u00e2n\u0103r austriac, acuzat de orchestrarea unui atac terorist asupra unui concert al celebrei artiste pop Taylor Swift, \u00ee\u0219i va \u00eencepe procesul mar\u021bi, un caz care subliniaz\u0103 vulnerabilitatea evenimentelor culturale majore \u00een fa\u021ba extremismului violent. Infractorul, un austriac de 21 de ani numit Beran A., este judecat la Wiener Neustadt, \u00een apropierea capitalei Viena. Se [&hellip;]<\/p>\n","protected":false},"author":7,"featured_media":17084,"comment_status":"open","ping_status":"open","sticky":false,"template":"","format":"standard","meta":{"jnews-multi-image_gallery":[],"jnews_single_post":[],"jnews_primary_category":[],"jnews_override_counter":[],"footnotes":""},"categories":[43],"tags":[2188,586,18760,2495,18761,18758,18759,19135],"class_list":["post-17083","post","type-post","status-publish","format-standard","has-post-thumbnail","hentry","category-cultura","tag-atac-terorist","tag-concert","tag-extremism-violent","tag-proces","tag-stat-islamic","tag-tanar-austriac","tag-taylor-swift","tag-wiener-neustadt"],"_links":{"self":[{"href":"https:\/\/www.newsrecorder.ro\/app\/wp-json\/wp\/v2\/posts\/17083","targetHints":{"allow":["GET"]}}],"collection":[{"href":"https:\/\/www.newsrecorder.ro\/app\/wp-json\/wp\/v2\/posts"}],"about":[{"href":"https:\/\/www.newsrecorder.ro\/app\/wp-json\/wp\/v2\/types\/post"}],"author":[{"embeddable":true,"href":"https:\/\/www.newsrecorder.ro\/app\/wp-json\/wp\/v2\/users\/7"}],"replies":[{"embeddable":true,"href":"https:\/\/www.newsrecorder.ro\/app\/wp-json\/wp\/v2\/comments?post=17083"}],"version-history":[{"count":0,"href":"https:\/\/www.newsrecorder.ro\/app\/wp-json\/wp\/v2\/posts\/17083\/revisions"}],"wp:featuredmedia":[{"embeddable":true,"href":"https:\/\/www.newsrecorder.ro\/app\/wp-json\/wp\/v2\/media\/17084"}],"wp:attachment":[{"href":"https:\/\/www.newsrecorder.ro\/app\/wp-json\/wp\/v2\/media?parent=17083"}],"wp:term":[{"taxonomy":"category","embeddable":true,"href":"https:\/\/www.newsrecorder.ro\/app\/wp-json\/wp\/v2\/categories?post=17083"},{"taxonomy":"post_tag","embeddable":true,"href":"https:\/\/www.newsrecorder.ro\/app\/wp-json\/wp\/v2\/tags?post=17083"}],"curies":[{"name":"wp","href":"https:\/\/api.w.org\/{rel}","templated":true}]}}