{"id":17085,"date":"2026-05-01T20:37:09","date_gmt":"2026-05-01T20:37:09","guid":{"rendered":"https:\/\/www.newsrecorder.ro\/app\/2026\/05\/01\/grindeanu-nicio-ezitare-daca-sunt-nominalizat-premier\/"},"modified":"2026-05-01T20:37:09","modified_gmt":"2026-05-01T20:37:09","slug":"grindeanu-nicio-ezitare-daca-sunt-nominalizat-premier","status":"publish","type":"post","link":"https:\/\/www.newsrecorder.ro\/app\/2026\/05\/01\/grindeanu-nicio-ezitare-daca-sunt-nominalizat-premier\/","title":{"rendered":"Grindeanu: \u201eNicio ezitare dac\u0103 sunt nominalizat premier!\u201d"},"content":{"rendered":"<p>\u00cen cadrul emisiunii de joi seara de la Antena 3 CNN, pre\u0219edintele Partidului Social Democrat, Sorin Grindeanu, a fost \u00eentrebat despre posibila candidatur\u0103 a PSD pentru func\u021bia de prim-ministru al Rom\u00e2niei.<\/p>\n<p>Grindeanu a afirmat: \u201ePartidul Social Democrat va propune un prim-ministru dac\u0103 aceasta va fi solu\u021bia rezultat\u0103 din consult\u0103rile preconizate.\u201d<\/p>\n<p>Atunci c\u00e2nd a fost \u00eentrebat dac\u0103 are re\u021bineri \u00een a fi avansat ca op\u021biune pentru aceast\u0103 func\u021bie, liderul PSD a declarat: \u201eDac\u0103 colegii mei \u00ee\u0219i doresc acest lucru, nu voi avea nicio ezitare.\u201d<\/p>\n<p>De asemenea, Sorin Grindeanu a subliniat c\u0103 PSD r\u0103m\u00e2ne deschis la diverse op\u021biuni \u0219i c\u0103 obiectivul principal este de a g\u0103si rapid o solu\u021bie potrivit\u0103. <\/p>\n","protected":false},"excerpt":{"rendered":"<p>\u00cen cadrul emisiunii de joi seara de la Antena 3 CNN, pre\u0219edintele Partidului Social Democrat, Sorin Grindeanu, a fost \u00eentrebat despre posibila candidatur\u0103 a PSD pentru func\u021bia de prim-ministru al Rom\u00e2niei. Grindeanu a afirmat: \u201ePartidul Social Democrat va propune un prim-ministru dac\u0103 aceasta va fi solu\u021bia rezultat\u0103 din consult\u0103rile preconizate.\u201d Atunci c\u00e2nd a fost \u00eentrebat [&hellip;]<\/p>\n","protected":false},"author":2,"featured_media":17086,"comment_status":"open","ping_status":"open","sticky":false,"template":"","format":"standard","meta":{"jnews-multi-image_gallery":[],"jnews_single_post":[],"jnews_primary_category":[],"jnews_override_counter":[],"footnotes":""},"categories":[42],"tags":[3434,360,1994,2152,443,300,149,637],"class_list":["post-17085","post","type-post","status-publish","format-standard","has-post-thumbnail","hentry","category-politica","tag-candidatura","tag-consultari","tag-optiuni","tag-partidul-social-democrat","tag-prim-ministru","tag-psd","tag-romania","tag-sorin-grindeanu"],"_links":{"self":[{"href":"https:\/\/www.newsrecorder.ro\/app\/wp-json\/wp\/v2\/posts\/17085","targetHints":{"allow":["GET"]}}],"collection":[{"href":"https:\/\/www.newsrecorder.ro\/app\/wp-json\/wp\/v2\/posts"}],"about":[{"href":"https:\/\/www.newsrecorder.ro\/app\/wp-json\/wp\/v2\/types\/post"}],"author":[{"embeddable":true,"href":"https:\/\/www.newsrecorder.ro\/app\/wp-json\/wp\/v2\/users\/2"}],"replies":[{"embeddable":true,"href":"https:\/\/www.newsrecorder.ro\/app\/wp-json\/wp\/v2\/comments?post=17085"}],"version-history":[{"count":0,"href":"https:\/\/www.newsrecorder.ro\/app\/wp-json\/wp\/v2\/posts\/17085\/revisions"}],"wp:featuredmedia":[{"embeddable":true,"href":"https:\/\/www.newsrecorder.ro\/app\/wp-json\/wp\/v2\/media\/17086"}],"wp:attachment":[{"href":"https:\/\/www.newsrecorder.ro\/app\/wp-json\/wp\/v2\/media?parent=17085"}],"wp:term":[{"taxonomy":"category","embeddable":true,"href":"https:\/\/www.newsrecorder.ro\/app\/wp-json\/wp\/v2\/categories?post=17085"},{"taxonomy":"post_tag","embeddable":true,"href":"https:\/\/www.newsrecorder.ro\/app\/wp-json\/wp\/v2\/tags?post=17085"}],"curies":[{"name":"wp","href":"https:\/\/api.w.org\/{rel}","templated":true}]}}