{"id":17093,"date":"2026-05-01T20:38:32","date_gmt":"2026-05-01T20:38:32","guid":{"rendered":"https:\/\/www.newsrecorder.ro\/app\/2026\/05\/01\/bce-pastreaza-dobanda-stabila-dar-se-pregateste-pentru-o-majorare-in-iunie\/"},"modified":"2026-05-01T20:38:32","modified_gmt":"2026-05-01T20:38:32","slug":"bce-pastreaza-dobanda-stabila-dar-se-pregateste-pentru-o-majorare-in-iunie","status":"publish","type":"post","link":"https:\/\/www.newsrecorder.ro\/app\/2026\/05\/01\/bce-pastreaza-dobanda-stabila-dar-se-pregateste-pentru-o-majorare-in-iunie\/","title":{"rendered":"BCE p\u0103streaz\u0103 dob\u00e2nda stabil\u0103, dar se preg\u0103te\u0219te pentru o majorare \u00een iunie!"},"content":{"rendered":"<p>\u00centr-o declara\u021bie recent\u0103, economistul-\u0219ef al B\u0103ncii Centrale Europene (BCE), Philip Lane, a adoptat o abordare de tip \u201ea\u0219teapt\u0103 \u0219i vezi\u201d, subliniind c\u0103 este prematur s\u0103 se decid\u0103 dac\u0103 Europa se confrunt\u0103 cu un \u0219oc economic temporar sau unul de lung\u0103 durat\u0103, ce ar necesita interven\u021bia b\u0103ncii centrale. Aceast\u0103 informa\u021bie a fost raportat\u0103 de <a href=\"https:\/\/www.politico.eu\/article\/eu-ecb-holds-rates-but-keeps-june-hike-play-as-war-drags-on\/\" target=\"_blank\" rel=\"noopener\">Politico<\/a>.<\/p>\n<p>BCE a l\u0103sat deschis\u0103 posibilitatea unei major\u0103ri a dob\u00e2nzii \u00een cadrul urm\u0103toarei \u00eent\u00e2lniri din luna iunie, \u00een contextul \u00een care infla\u021bia a accelerat la 3% \u00een aprilie, dup\u0103 ce a stagnat \u00een jurul \u021bintei de 2% timp de aproape un an, \u00eenainte de izbucnirea conflictului militar.<\/p>\n<p>\u00centr-un comunicat oficial, Banca Central\u0103 European\u0103 a men\u021bionat c\u0103 \u201eConsiliul guvernatorilor nu se angajeaz\u0103 dinainte pe o anumit\u0103 traiectorie a ratelor\u201d, subliniind totodat\u0103 c\u0103 \u201eriscurile de cre\u0219tere a infla\u021biei \u0219i cele de sc\u0103dere a cre\u0219terii economice s-au intensificat\u201d.<\/p>\n<p>Continuarea r\u0103zboiului \u0219i men\u021binerea pre\u021burilor ridicate la energie au fost subliniate de BCE ca factorii determinan\u021bi care vor influen\u021ba infla\u021bia pe termen mediu \u0219i activitatea economic\u0103. Banca a precizat c\u0103 efectele r\u0103zboiului depind de intensitatea \u0219i durata \u0219ocului pre\u021burilor energetice, precum \u0219i de amploarea efectelor indirecte.<\/p>\n<p>\u201eCu c\u00e2t r\u0103zboiul se prelunge\u0219te \u0219i pre\u021burile energiei r\u0103m\u00e2n ridicate, cu at\u00e2t impactul asupra infla\u021biei generale \u0219i economiei va fi mai pronun\u021bat\u201d, a declarat BCE.<\/p>\n<p>\u00cen acela\u0219i timp, BCE a observat c\u0103 a\u0219tept\u0103rile privind infla\u021bia pe termen lung sunt bine ancorate, de\u0219i s-au \u00eenregistrat cre\u0219teri semnificative pe termen scurt.<\/p>\n<p>Pie\u021bele financiare s-au concentrat pe aceste a\u0219tept\u0103ri infla\u021bioniste pe termen scurt, devenind din ce \u00een ce mai convinse c\u0103 BCE va ac\u021biona \u00een cur\u00e2nd pentru a contracara infla\u021bia. \u00cen plus fa\u021b\u0103 de o posibil\u0103 majorare \u00een luna iunie, c\u00e2nd se vor publica noi prognoze despre cre\u0219terea economic\u0103 \u0219i infla\u021bie, pie\u021bele a\u0219teapt\u0103 \u00eenc\u0103 dou\u0103 major\u0103ri ale dob\u00e2nzii p\u00e2n\u0103 la sf\u00e2r\u0219itul anului, ceea ce reprezint\u0103 o cre\u0219tere comparativ cu estim\u0103rile de acum o s\u0103pt\u0103m\u00e2n\u0103.<\/p>\n<p>Cu toate acestea, nu to\u021bi economi\u0219tii sunt de aceea\u0219i p\u0103rere. Ace\u0219tia avertizeaz\u0103 c\u0103 perspectivele negative pentru cre\u0219terea economic\u0103, dup\u0103 o expansiune de doar 0,1% \u00een primul trimestru, complic\u0103 decizia de \u00een\u0103sprire a politicii monetare \u0219i ar putea conduce zona euro spre recesiune.<\/p>\n<p>\u00cen acest context, toate privirile sunt \u00eendreptate c\u0103tre pre\u0219edinta BCE, Christine Lagarde. Conferin\u021ba sa de pres\u0103 va fi analizat\u0103 cu aten\u021bie pentru a identifica semnale cu privire la sus\u021binerea sau contrazicerea a\u0219tept\u0103rilor actuale ale pie\u021belor, av\u00e2nd \u00een vedere riscurile economice care planeaz\u0103 asupra regiunii.<\/p>\n","protected":false},"excerpt":{"rendered":"<p>\u00centr-o declara\u021bie recent\u0103, economistul-\u0219ef al B\u0103ncii Centrale Europene (BCE), Philip Lane, a adoptat o abordare de tip \u201ea\u0219teapt\u0103 \u0219i vezi\u201d, subliniind c\u0103 este prematur s\u0103 se decid\u0103 dac\u0103 Europa se confrunt\u0103 cu un \u0219oc economic temporar sau unul de lung\u0103 durat\u0103, ce ar necesita interven\u021bia b\u0103ncii centrale. Aceast\u0103 informa\u021bie a fost raportat\u0103 de Politico. BCE [&hellip;]<\/p>\n","protected":false},"author":4,"featured_media":17094,"comment_status":"open","ping_status":"open","sticky":false,"template":"","format":"standard","meta":{"jnews-multi-image_gallery":[],"jnews_single_post":[],"jnews_primary_category":[],"jnews_override_counter":[],"footnotes":""},"categories":[40],"tags":[6617,6371,780,778,19111,5962,1696,19302],"class_list":["post-17093","post","type-post","status-publish","format-standard","has-post-thumbnail","hentry","category-econonie","tag-bce","tag-dobanda","tag-economie","tag-inflatie","tag-philip-lane","tag-politica-monetara","tag-riscuri","tag-soc-economic"],"_links":{"self":[{"href":"https:\/\/www.newsrecorder.ro\/app\/wp-json\/wp\/v2\/posts\/17093","targetHints":{"allow":["GET"]}}],"collection":[{"href":"https:\/\/www.newsrecorder.ro\/app\/wp-json\/wp\/v2\/posts"}],"about":[{"href":"https:\/\/www.newsrecorder.ro\/app\/wp-json\/wp\/v2\/types\/post"}],"author":[{"embeddable":true,"href":"https:\/\/www.newsrecorder.ro\/app\/wp-json\/wp\/v2\/users\/4"}],"replies":[{"embeddable":true,"href":"https:\/\/www.newsrecorder.ro\/app\/wp-json\/wp\/v2\/comments?post=17093"}],"version-history":[{"count":0,"href":"https:\/\/www.newsrecorder.ro\/app\/wp-json\/wp\/v2\/posts\/17093\/revisions"}],"wp:featuredmedia":[{"embeddable":true,"href":"https:\/\/www.newsrecorder.ro\/app\/wp-json\/wp\/v2\/media\/17094"}],"wp:attachment":[{"href":"https:\/\/www.newsrecorder.ro\/app\/wp-json\/wp\/v2\/media?parent=17093"}],"wp:term":[{"taxonomy":"category","embeddable":true,"href":"https:\/\/www.newsrecorder.ro\/app\/wp-json\/wp\/v2\/categories?post=17093"},{"taxonomy":"post_tag","embeddable":true,"href":"https:\/\/www.newsrecorder.ro\/app\/wp-json\/wp\/v2\/tags?post=17093"}],"curies":[{"name":"wp","href":"https:\/\/api.w.org\/{rel}","templated":true}]}}