{"id":17095,"date":"2026-05-01T20:38:56","date_gmt":"2026-05-01T20:38:56","guid":{"rendered":"https:\/\/www.newsrecorder.ro\/app\/2026\/05\/01\/comisia-europeana-actioneaza-protejarea-gospodariilor-vulnerabile-in-criza-energetica\/"},"modified":"2026-05-01T20:38:56","modified_gmt":"2026-05-01T20:38:56","slug":"comisia-europeana-actioneaza-protejarea-gospodariilor-vulnerabile-in-criza-energetica","status":"publish","type":"post","link":"https:\/\/www.newsrecorder.ro\/app\/2026\/05\/01\/comisia-europeana-actioneaza-protejarea-gospodariilor-vulnerabile-in-criza-energetica\/","title":{"rendered":"Comisia European\u0103 ac\u021bioneaz\u0103: Protejarea gospod\u0103riilor vulnerabile \u00een criza energetic\u0103"},"content":{"rendered":"<p>\u00cen data de joi, Comisia European\u0103 a publicat un set de recomand\u0103ri destinate protej\u0103rii gospod\u0103riilor vulnerabile \u00eempotriva debran\u0219\u0103rilor de la alimentarea cu energie. Aceste m\u0103suri au ca scop s\u0103 ajute consumatorii s\u0103 gestioneze mai eficient contractele de aprovizionare cu energie \u0219i s\u0103 participe activ la tranzi\u021bia c\u0103tre surse de energie curat\u0103, prin produc\u021bia proprie \u0219i partajarea energiei, conform unui comunicat emis de Executivul comunitar.<\/p>\n<p>Recomand\u0103rile fac parte dintr-un pachet mai amplu de <a href=\"https:\/\/ec.europa.eu\/commission\/presscorner\/detail\/ro\/ip_26_555\" target=\"_blank\" rel=\"noopener\">m\u0103suri privind energia pentru cet\u0103\u021beni<\/a> \u0219i din comunicarea privind AccelerateEU, adoptate recent pentru a aborda criza actual\u0103 generat\u0103 de dependen\u021ba de sursele fosile de energie.<\/p>\n<p>\u201eEuropa trebuie s\u0103 \u00ee\u0219i consolideze rezilien\u021ba energetic\u0103\u201d, subliniaz\u0103 documentul. Crearea unui sistem energetic mai incluziv, rezilient \u0219i sustenabil este esen\u021bial\u0103 pentru a ob\u021bine independen\u021ba energetic\u0103. Recomand\u0103rile vizeaz\u0103, printre altele, oferirea de op\u021biuni consumatorilor europeni pentru a face alegeri informate \u00een privin\u021ba aprovizion\u0103rii cu energie, prevenind astfel debran\u0219\u0103rile \u0219i consecin\u021bele falimentului furnizorilor de energie. De asemenea, se urm\u0103re\u0219te sprijinirea statelor membre \u00een dezvoltarea rapid\u0103 a comunit\u0103\u021bilor energetice \u0219i a formelor de autoconsum \u0219i partajare a energiei, contribuind astfel la tranzi\u021bia c\u0103tre o <a href=\"https:\/\/www.mediafax.ro\/externe\/strategia-ue-pentru-orientul-mijlociu-si-securitatea-energetica-pe-agenda-parlamentului-european-saptamana-aceasta-23727018\">energie mai curat\u0103<\/a>, \u00een acela\u0219i timp reduc\u00e2nd costurile pentru consumatori.<\/p>\n<p>Dan J\u00f8rgensen, comisarul pentru energie \u0219i locuin\u021be, a declarat: \u201eConflictul din Orientul Mijlociu \u0219i impactul s\u0103u asupra pre\u021burilor energiei subliniaz\u0103 volatilitatea pie\u021belor mondiale \u0219i urgen\u021ba cu care Europa trebuie s\u0103 \u00ee\u0219i \u00eent\u0103reasc\u0103 rezilien\u021ba energetic\u0103. Acesta este momentul \u00een care trebuie s\u0103 acceler\u0103m tranzi\u021bia c\u0103tre un sistem energetic mai sustenabil, mai sigur \u0219i mai orientat c\u0103tre consumatori. \u00centr-o perioad\u0103 \u00een care cre\u0219terea costurilor energiei este o preocupare major\u0103 pentru cet\u0103\u021benii UE, acest pachet transform\u0103 ambi\u021bia politic\u0103 \u00een beneficii concrete pentru gospod\u0103rii, comunit\u0103\u021bi \u0219i \u00eentreprinderi mici din \u00eentreaga Europ\u0103. Este esen\u021bial s\u0103 protej\u0103m gospod\u0103riile vulnerabile de debran\u0219\u0103ri \u0219i s\u0103 sprijinim to\u021bi consumatorii \u00een gestionarea eficient\u0103 a contractelor de energie, \u00eencuraj\u00e2ndu-i totodat\u0103 s\u0103 joace un rol activ \u00een tranzi\u021bie.\u201d<\/p>\n<p>Comisia European\u0103 va colabora str\u00e2ns cu statele membre \u0219i cu toate p\u0103r\u021bile interesate pentru a asigura implementarea eficient\u0103 a acestor recomand\u0103ri, oferind asisten\u021b\u0103 tehnic\u0103 \u0219i monitoriz\u00e2nd progresele realizate.<\/p>\n","protected":false},"excerpt":{"rendered":"<p>\u00cen data de joi, Comisia European\u0103 a publicat un set de recomand\u0103ri destinate protej\u0103rii gospod\u0103riilor vulnerabile \u00eempotriva debran\u0219\u0103rilor de la alimentarea cu energie. Aceste m\u0103suri au ca scop s\u0103 ajute consumatorii s\u0103 gestioneze mai eficient contractele de aprovizionare cu energie \u0219i s\u0103 participe activ la tranzi\u021bia c\u0103tre surse de energie curat\u0103, prin produc\u021bia proprie \u0219i [&hellip;]<\/p>\n","protected":false},"author":4,"featured_media":17096,"comment_status":"open","ping_status":"open","sticky":false,"template":"","format":"standard","meta":{"jnews-multi-image_gallery":[],"jnews_single_post":[],"jnews_primary_category":[],"jnews_override_counter":[],"footnotes":""},"categories":[40],"tags":[499,19303,19113,1939,5462,19305,19304,5460],"class_list":["post-17095","post","type-post","status-publish","format-standard","has-post-thumbnail","hentry","category-econonie","tag-comisia-europeana","tag-debransare-energie","tag-gospodarii-vulnerabile","tag-independenta-energetica","tag-recomandari","tag-rezilienta-energetica","tag-surse-energie-curata","tag-tranzitie-energetica"],"_links":{"self":[{"href":"https:\/\/www.newsrecorder.ro\/app\/wp-json\/wp\/v2\/posts\/17095","targetHints":{"allow":["GET"]}}],"collection":[{"href":"https:\/\/www.newsrecorder.ro\/app\/wp-json\/wp\/v2\/posts"}],"about":[{"href":"https:\/\/www.newsrecorder.ro\/app\/wp-json\/wp\/v2\/types\/post"}],"author":[{"embeddable":true,"href":"https:\/\/www.newsrecorder.ro\/app\/wp-json\/wp\/v2\/users\/4"}],"replies":[{"embeddable":true,"href":"https:\/\/www.newsrecorder.ro\/app\/wp-json\/wp\/v2\/comments?post=17095"}],"version-history":[{"count":0,"href":"https:\/\/www.newsrecorder.ro\/app\/wp-json\/wp\/v2\/posts\/17095\/revisions"}],"wp:featuredmedia":[{"embeddable":true,"href":"https:\/\/www.newsrecorder.ro\/app\/wp-json\/wp\/v2\/media\/17096"}],"wp:attachment":[{"href":"https:\/\/www.newsrecorder.ro\/app\/wp-json\/wp\/v2\/media?parent=17095"}],"wp:term":[{"taxonomy":"category","embeddable":true,"href":"https:\/\/www.newsrecorder.ro\/app\/wp-json\/wp\/v2\/categories?post=17095"},{"taxonomy":"post_tag","embeddable":true,"href":"https:\/\/www.newsrecorder.ro\/app\/wp-json\/wp\/v2\/tags?post=17095"}],"curies":[{"name":"wp","href":"https:\/\/api.w.org\/{rel}","templated":true}]}}