{"id":17097,"date":"2026-05-01T21:36:07","date_gmt":"2026-05-01T21:36:07","guid":{"rendered":"https:\/\/www.newsrecorder.ro\/app\/2026\/05\/01\/ciolacu-bolojan-disperat-si-mincinos-inainte-de-demitere\/"},"modified":"2026-05-01T21:36:07","modified_gmt":"2026-05-01T21:36:07","slug":"ciolacu-bolojan-disperat-si-mincinos-inainte-de-demitere","status":"publish","type":"post","link":"https:\/\/www.newsrecorder.ro\/app\/2026\/05\/01\/ciolacu-bolojan-disperat-si-mincinos-inainte-de-demitere\/","title":{"rendered":"Ciolacu: \u201eBolojan, disperat \u0219i mincinos \u00eenainte de demitere!\u201d"},"content":{"rendered":"<p>Marcel Ciolacu a lansat o serie de acuza\u021bii dure la adresa fostului premier Ilie Bolojan, afirm\u00e2nd c\u0103 acesta se afl\u0103 \u00eentr-o stare de disperare \u0219i c\u0103 face declara\u021bii false cu privire la programul SAFE. \u00centr-o postare pe re\u021belele de socializare, Ciolacu a men\u021bionat c\u0103 Bolojan sus\u021bine c\u0103 schema de gestionare a programului a fost stabilit\u0103 \u0219i votat\u0103 \u00een timpul mandatului s\u0103u, ceea ce este, conform spuselor lui Ciolacu, complet eronat.<\/p>\n<p>Ciolacu a explicat c\u0103 \u201edocumentele oficiale spun cu totul ALTCEVA\u201d \u0219i a subliniat c\u0103 desemnarea Cancelariei prim-ministrului ca integrator al programului SAFE a fost realizat\u0103 prin Ordonan\u021ba de Urgen\u021b\u0103 62\/2025, adoptat\u0103 pe 20 noiembrie 2025, sub guvernarea lui Bolojan, \u0219i nu sub cea a lui Ciolacu. De asemenea, fostul premier a precizat c\u0103 decizia de \u00eenfiin\u021bare a grupului de lucru interinstitu\u021bional a fost semnat\u0103 de Bolojan, nu de el.<\/p>\n<p>Critic\u00e2nd organizarea programului, Ciolacu a caracterizat structura actual\u0103 ca fiind una \u201epolitic\u0103\u201d, condus\u0103 de un \u201epolitruc\u201d din Oradea, numit \u00een fruntea Cancelariei pentru a gestiona un program de \u00eenzestrare militar\u0103 de 16 miliarde de euro. \u201eAceasta nu este condus\u0103 de speciali\u0219ti din Ministerul Ap\u0103r\u0103rii Na\u021bionale, a\u0219a cum ar fi normal \u00eentr-un stat membru NATO! De aceea, nimeni nu \u0219tie cine a stabilit pre\u021bul \u0219i termenul care c\u00e2nt\u0103resc 100% \u00een decizie!\u201d, a ad\u0103ugat el.<\/p>\n<p>\u00cen plus, Ciolacu a acuzat actuala formul\u0103 de atribuire a contractelor c\u0103 genereaz\u0103 un \u201emonstru\u201d. \u201eC\u00e2nd Bolojan afirm\u0103 public c\u0103 se vinde &#8216;minim 50% produc\u021bie \u00een Rom\u00e2nia&#8217;, el \u00eencearc\u0103 s\u0103 cosmetizeze o realitate care produce o concentrare masiv\u0103 pe un singur produc\u0103tor str\u0103in: 5,69 miliarde euro, adic\u0103 68,3% din pachet, merg c\u0103tre un mare grup industrial german, care prime\u0219te 7 din cele 15 contracte. Asta este cu adev\u0103rat tr\u0103dare de \u021bar\u0103!\u201d, a declarat el.<\/p>\n<p>Ciolacu a f\u0103cut referire \u0219i la proiectele industriale din domeniul ap\u0103r\u0103rii, amintind c\u0103 singura investi\u021bie local\u0103 \u00een acest sector, o fabric\u0103 de pulberi care va fi deschis\u0103 \u00een Rom\u00e2nia cu finan\u021bare de la Comisia European\u0103, este un proiect realizat de el, \u00eempreun\u0103 cu ministrul Economiei, Radu Oprea. De asemenea, el a subliniat c\u0103 achizi\u021bia Portului Giurgule\u0219ti de c\u0103tre Rom\u00e2nia este rezultatul negocierilor purtate de el \u0219i Sorin Grindeanu.<\/p>\n<p>\u201eBolojan minte atunci c\u00e2nd se laud\u0103 cu munca altora \u0219i, de asemenea, atunci c\u00e2nd \u00eencearc\u0103 s\u0103 arunce vina asupra altora pentru actele pe care le-a semnat personal \u00een cazul SAFE. A min\u021bit \u00een leg\u0103tur\u0103 cu deficitul, a min\u021bit \u0219i cu infla\u021bia\u201d, a afirmat Ciolacu.<\/p>\n<p>\u00cen \u00eencheiere, el a ad\u0103ugat: \u201eDin fericire, nu mai are multe zile \u00een care s\u0103 poat\u0103 continua s\u0103-i mint\u0103 pe rom\u00e2ni. Din 5 mai, el va r\u0103m\u00e2ne doar o amintire a unui nefericit accident politic, care a avut ca victime nevinovate milioane de rom\u00e2ni!\u201d<\/p>\n","protected":false},"excerpt":{"rendered":"<p>Marcel Ciolacu a lansat o serie de acuza\u021bii dure la adresa fostului premier Ilie Bolojan, afirm\u00e2nd c\u0103 acesta se afl\u0103 \u00eentr-o stare de disperare \u0219i c\u0103 face declara\u021bii false cu privire la programul SAFE. \u00centr-o postare pe re\u021belele de socializare, Ciolacu a men\u021bionat c\u0103 Bolojan sus\u021bine c\u0103 schema de gestionare a programului a fost stabilit\u0103 [&hellip;]<\/p>\n","protected":false},"author":2,"featured_media":17098,"comment_status":"open","ping_status":"open","sticky":false,"template":"","format":"standard","meta":{"jnews-multi-image_gallery":[],"jnews_single_post":[],"jnews_primary_category":[],"jnews_override_counter":[],"footnotes":""},"categories":[42],"tags":[643,9364,5100,13543,302,638,1704,2668],"class_list":["post-17097","post","type-post","status-publish","format-standard","has-post-thumbnail","hentry","category-politica","tag-acuzatii","tag-declaratii-false","tag-gestionare","tag-grup-de-lucru","tag-ilie-bolojan","tag-marcel-ciolacu","tag-ordonanta-de-urgenta","tag-programul-safe"],"_links":{"self":[{"href":"https:\/\/www.newsrecorder.ro\/app\/wp-json\/wp\/v2\/posts\/17097","targetHints":{"allow":["GET"]}}],"collection":[{"href":"https:\/\/www.newsrecorder.ro\/app\/wp-json\/wp\/v2\/posts"}],"about":[{"href":"https:\/\/www.newsrecorder.ro\/app\/wp-json\/wp\/v2\/types\/post"}],"author":[{"embeddable":true,"href":"https:\/\/www.newsrecorder.ro\/app\/wp-json\/wp\/v2\/users\/2"}],"replies":[{"embeddable":true,"href":"https:\/\/www.newsrecorder.ro\/app\/wp-json\/wp\/v2\/comments?post=17097"}],"version-history":[{"count":0,"href":"https:\/\/www.newsrecorder.ro\/app\/wp-json\/wp\/v2\/posts\/17097\/revisions"}],"wp:featuredmedia":[{"embeddable":true,"href":"https:\/\/www.newsrecorder.ro\/app\/wp-json\/wp\/v2\/media\/17098"}],"wp:attachment":[{"href":"https:\/\/www.newsrecorder.ro\/app\/wp-json\/wp\/v2\/media?parent=17097"}],"wp:term":[{"taxonomy":"category","embeddable":true,"href":"https:\/\/www.newsrecorder.ro\/app\/wp-json\/wp\/v2\/categories?post=17097"},{"taxonomy":"post_tag","embeddable":true,"href":"https:\/\/www.newsrecorder.ro\/app\/wp-json\/wp\/v2\/tags?post=17097"}],"curies":[{"name":"wp","href":"https:\/\/api.w.org\/{rel}","templated":true}]}}