{"id":17099,"date":"2026-05-01T21:36:21","date_gmt":"2026-05-01T21:36:21","guid":{"rendered":"https:\/\/www.newsrecorder.ro\/app\/2026\/05\/01\/gheorghiu-isi-cere-scuze-public-sfaturi-pentru-romani-dupa-inoportunitate\/"},"modified":"2026-05-01T21:36:21","modified_gmt":"2026-05-01T21:36:21","slug":"gheorghiu-isi-cere-scuze-public-sfaturi-pentru-romani-dupa-inoportunitate","status":"publish","type":"post","link":"https:\/\/www.newsrecorder.ro\/app\/2026\/05\/01\/gheorghiu-isi-cere-scuze-public-sfaturi-pentru-romani-dupa-inoportunitate\/","title":{"rendered":"Gheorghiu \u00ee\u0219i cere scuze public: Sfaturi pentru rom\u00e2ni dup\u0103 inoportunitate"},"content":{"rendered":"<p>Oana Gheorghiu a postat pe Facebook un mesaj de scuze adresat parlamentarilor pe care i-a considerat deranja\u021bi de o ac\u021biune recent\u0103. \u201eDoresc s\u0103 \u00eemi cer scuze public fa\u021b\u0103 de acei parlamentari pe care i-am inoportunat permi\u021b\u00e2ndu-mi arogan\u021ba de a le transmite un e-mail prin care i-am invitat s\u0103 voteze conform propriei con\u0219tiin\u021be, nu conform ordinului de la \u0219eful de partid\u201d, a declarat aceasta.<\/p>\n<p>Gheorghiu a subliniat c\u0103 unele reac\u021bii negative au venit din partea parlamentarilor, care s-au sim\u021bit ofensa\u021bi de faptul c\u0103 le-a scris pe adresa de e-mail personal\u0103, aceasta fiind disponibil\u0103 pe site-urile oficiale ale Camerei Deputa\u021bilor \u0219i Senatului. \u201eUnii parlamentari s-au sup\u0103rat pentru c\u0103 mi-am permis obr\u0103znicia s\u0103 le scriu pe mailul personal\u201d, a explicat ea.<\/p>\n<p>\u00cen cadrul aceluia\u0219i mesaj, Oana Gheorghiu a lansat un apel public c\u0103tre cet\u0103\u021beni: \u201eV\u0103 rog ca nu care cumva s\u0103 le scrie\u021bi parlamentarilor vo\u0219tri pe e-mail, prin mesaj pe Facebook sau \u00een comentarii ca s\u0103 le cere\u021bi s\u0103 voteze conform con\u0219tiin\u021bei, nu conform ordinului de la \u0219eful de partid. Ar fi un abuz total asupra lor s\u0103 \u00eei deranj\u0103m \u0219i s\u0103 le cerem s\u0103 comit\u0103 asemenea gesturi regretabile. Deci din nou: v\u0103 rog ca nu cumva s\u0103 face\u021bi a\u0219a ceva\u201d, a ad\u0103ugat ea, subliniind importan\u021ba respect\u0103rii deciziilor parlamentarilor.\u201d<\/p>\n","protected":false},"excerpt":{"rendered":"<p>Oana Gheorghiu a postat pe Facebook un mesaj de scuze adresat parlamentarilor pe care i-a considerat deranja\u021bi de o ac\u021biune recent\u0103. \u201eDoresc s\u0103 \u00eemi cer scuze public fa\u021b\u0103 de acei parlamentari pe care i-am inoportunat permi\u021b\u00e2ndu-mi arogan\u021ba de a le transmite un e-mail prin care i-am invitat s\u0103 voteze conform propriei con\u0219tiin\u021be, nu conform ordinului [&hellip;]<\/p>\n","protected":false},"author":2,"featured_media":17100,"comment_status":"open","ping_status":"open","sticky":false,"template":"","format":"standard","meta":{"jnews-multi-image_gallery":[],"jnews_single_post":[],"jnews_primary_category":[],"jnews_override_counter":[],"footnotes":""},"categories":[42],"tags":[19309,19308,19307,19306,2041,6756,15141,7760],"class_list":["post-17099","post","type-post","status-publish","format-standard","has-post-thumbnail","hentry","category-politica","tag-apel-public","tag-aroganta","tag-constiinta","tag-e-mail","tag-oana-gheorghiu","tag-parlamentari","tag-reactii-negative","tag-scuze"],"_links":{"self":[{"href":"https:\/\/www.newsrecorder.ro\/app\/wp-json\/wp\/v2\/posts\/17099","targetHints":{"allow":["GET"]}}],"collection":[{"href":"https:\/\/www.newsrecorder.ro\/app\/wp-json\/wp\/v2\/posts"}],"about":[{"href":"https:\/\/www.newsrecorder.ro\/app\/wp-json\/wp\/v2\/types\/post"}],"author":[{"embeddable":true,"href":"https:\/\/www.newsrecorder.ro\/app\/wp-json\/wp\/v2\/users\/2"}],"replies":[{"embeddable":true,"href":"https:\/\/www.newsrecorder.ro\/app\/wp-json\/wp\/v2\/comments?post=17099"}],"version-history":[{"count":0,"href":"https:\/\/www.newsrecorder.ro\/app\/wp-json\/wp\/v2\/posts\/17099\/revisions"}],"wp:featuredmedia":[{"embeddable":true,"href":"https:\/\/www.newsrecorder.ro\/app\/wp-json\/wp\/v2\/media\/17100"}],"wp:attachment":[{"href":"https:\/\/www.newsrecorder.ro\/app\/wp-json\/wp\/v2\/media?parent=17099"}],"wp:term":[{"taxonomy":"category","embeddable":true,"href":"https:\/\/www.newsrecorder.ro\/app\/wp-json\/wp\/v2\/categories?post=17099"},{"taxonomy":"post_tag","embeddable":true,"href":"https:\/\/www.newsrecorder.ro\/app\/wp-json\/wp\/v2\/tags?post=17099"}],"curies":[{"name":"wp","href":"https:\/\/api.w.org\/{rel}","templated":true}]}}