{"id":17101,"date":"2026-05-01T21:36:41","date_gmt":"2026-05-01T21:36:41","guid":{"rendered":"https:\/\/www.newsrecorder.ro\/app\/2026\/05\/01\/victor-negrescu-reformele-din-pnrr-un-esec-fara-ascunzisuri\/"},"modified":"2026-05-01T21:36:41","modified_gmt":"2026-05-01T21:36:41","slug":"victor-negrescu-reformele-din-pnrr-un-esec-fara-ascunzisuri","status":"publish","type":"post","link":"https:\/\/www.newsrecorder.ro\/app\/2026\/05\/01\/victor-negrescu-reformele-din-pnrr-un-esec-fara-ascunzisuri\/","title":{"rendered":"Victor Negrescu: \u201eReformele din PNRR, un e\u0219ec f\u0103r\u0103 ascunzi\u0219uri!\u201d"},"content":{"rendered":"<p>Vicepre\u0219edintele Parlamentului European, Victor Negrescu, a f\u0103cut vineri o declara\u021bie \u00eengrijor\u0103toare privind situa\u021bia financiar\u0103 a Rom\u00e2niei, subliniind c\u0103 \u021bara noastr\u0103 risc\u0103 s\u0103 piard\u0103 aproximativ 458,7 milioane de euro din cererea de plat\u0103 nr. 3 din cauza ne\u00eendeplinirii anumitor jaloane. Acesta a eviden\u021biat c\u0103 guvernul rom\u00e2n a avut un interval de timp cuprins \u00eentre decembrie 2023 \u0219i noiembrie 2025 pentru a implementa modific\u0103ri \u0219i a negocia cu Comisia European\u0103, dar rezultatele nu s-au materializat.<\/p>\n<p>Pierderea acestor fonduri apare \u00eentr-un context mai larg, \u00een care \u201eactualul guvern a renun\u021bat la miliarde de euro disponibili sub form\u0103 de \u00eemprumuturi cu dob\u00e2nzi foarte mici\u201d. Negrescu a avertizat c\u0103 \u201edac\u0103 \u00eent\u00e2rzierile persist\u0103 din cauza unui management deficitar, am putea ajunge la pierderi semnificative de miliarde de euro din \u00eentregul mecanism de finan\u021bare european\u0103\u201d.<\/p>\n<p>Vicepre\u0219edintele a descris \u201eun plan redactat \u00een grab\u0103, cu reforme insuficient preg\u0103tite\u201d, care nu \u021bine cont de capacitatea administrativ\u0103 a Rom\u00e2niei \u0219i nu beneficiaz\u0103 de o asumare politic\u0103 serioas\u0103. De\u0219i a criticat modul \u00een care a fost elaborat Planul Na\u021bional de Redresare \u0219i Rezilien\u021b\u0103 (PNRR), Negrescu a evitat s\u0103 nominalizeze partidele implicate \u00een acest proces.<\/p>\n<p>\u00cen continuare, Negrescu a subliniat c\u0103 guvernul rom\u00e2n pare s\u0103 \u00eencerce s\u0103 compenseze \u00eent\u00e2rzierile prin reforme realizate pe fug\u0103, doar pentru a \u00eembun\u0103t\u0103\u021bi imaginea public\u0103, avertiz\u00e2nd c\u0103 aceast\u0103 abordare este gre\u0219it\u0103, deoarece reformele trebuie s\u0103 fie implementate f\u0103r\u0103 presiune.<\/p>\n<p>Coali\u021bia pro-european\u0103, format\u0103 acum 10 luni cu scopul de a salva fondurile europene, a fost criticat\u0103 de Negrescu pentru lipsa de rezultate, eviden\u021biind pierderile financiare, afectarea credibilit\u0103\u021bii \u0219i \u00eent\u00e2rzierile \u00een investi\u021bii. El a afirmat c\u0103 \u201epartidele pro-europene au avut \u0219i au \u00eenc\u0103 posibilitatea de a face lucrurile mai bine\u201d.<\/p>\n<p>\u00cen ceea ce prive\u0219te negocierile pentru viitorul buget al Uniunii Europene, Negrescu a subliniat c\u0103 \u201eRom\u00e2nia trebuie s\u0103 fie ferm\u0103: nu putem accepta ca fondurile europene s\u0103 fie condi\u021bionate de reforme prost g\u00e2ndite \u0219i f\u0103r\u0103 flexibilitate\u201d.<\/p>\n<p>Un aspect pozitiv men\u021bionat de vicepre\u0219edinte este posibilitatea Rom\u00e2niei de a salva o parte din banii necheltui\u021bi. Acesta a explicat c\u0103, datorit\u0103 \u201emecanismului pe care l-am impus Comisiei Europene prin rapoartele \u0219i demersurile realizate la nivelul legislativului european\u201d, \u021bara noastr\u0103 poate redirec\u021biona o parte din sumele neutilizate c\u0103tre noi instrumente financiare. Acestea ar putea fi folosite pentru a finan\u021ba proiectele deja \u00eencepute sau pentru a include proiecte cu dubl\u0103 utilizare, care pot continua dup\u0103 termenul limit\u0103 din august 2026.<\/p>\n","protected":false},"excerpt":{"rendered":"<p>Vicepre\u0219edintele Parlamentului European, Victor Negrescu, a f\u0103cut vineri o declara\u021bie \u00eengrijor\u0103toare privind situa\u021bia financiar\u0103 a Rom\u00e2niei, subliniind c\u0103 \u021bara noastr\u0103 risc\u0103 s\u0103 piard\u0103 aproximativ 458,7 milioane de euro din cererea de plat\u0103 nr. 3 din cauza ne\u00eendeplinirii anumitor jaloane. Acesta a eviden\u021biat c\u0103 guvernul rom\u00e2n a avut un interval de timp cuprins \u00eentre decembrie 2023 [&hellip;]<\/p>\n","protected":false},"author":2,"featured_media":17102,"comment_status":"open","ping_status":"open","sticky":false,"template":"","format":"standard","meta":{"jnews-multi-image_gallery":[],"jnews_single_post":[],"jnews_primary_category":[],"jnews_override_counter":[],"footnotes":""},"categories":[42],"tags":[499,13416,10473,7602,634,7182,149,3912],"class_list":["post-17101","post","type-post","status-publish","format-standard","has-post-thumbnail","hentry","category-politica","tag-comisia-europeana","tag-finantare-europeana","tag-guvern-roman","tag-jaloane","tag-parlamentul-european","tag-pierderi-financiare","tag-romania","tag-victor-negrescu"],"_links":{"self":[{"href":"https:\/\/www.newsrecorder.ro\/app\/wp-json\/wp\/v2\/posts\/17101","targetHints":{"allow":["GET"]}}],"collection":[{"href":"https:\/\/www.newsrecorder.ro\/app\/wp-json\/wp\/v2\/posts"}],"about":[{"href":"https:\/\/www.newsrecorder.ro\/app\/wp-json\/wp\/v2\/types\/post"}],"author":[{"embeddable":true,"href":"https:\/\/www.newsrecorder.ro\/app\/wp-json\/wp\/v2\/users\/2"}],"replies":[{"embeddable":true,"href":"https:\/\/www.newsrecorder.ro\/app\/wp-json\/wp\/v2\/comments?post=17101"}],"version-history":[{"count":0,"href":"https:\/\/www.newsrecorder.ro\/app\/wp-json\/wp\/v2\/posts\/17101\/revisions"}],"wp:featuredmedia":[{"embeddable":true,"href":"https:\/\/www.newsrecorder.ro\/app\/wp-json\/wp\/v2\/media\/17102"}],"wp:attachment":[{"href":"https:\/\/www.newsrecorder.ro\/app\/wp-json\/wp\/v2\/media?parent=17101"}],"wp:term":[{"taxonomy":"category","embeddable":true,"href":"https:\/\/www.newsrecorder.ro\/app\/wp-json\/wp\/v2\/categories?post=17101"},{"taxonomy":"post_tag","embeddable":true,"href":"https:\/\/www.newsrecorder.ro\/app\/wp-json\/wp\/v2\/tags?post=17101"}],"curies":[{"name":"wp","href":"https:\/\/api.w.org\/{rel}","templated":true}]}}