{"id":17103,"date":"2026-05-01T21:36:58","date_gmt":"2026-05-01T21:36:58","guid":{"rendered":"https:\/\/www.newsrecorder.ro\/app\/2026\/05\/01\/tragedie-la-cluj-takacs-csaba-fost-lider-udmr-a-murit-sub-un-tractor\/"},"modified":"2026-05-01T21:36:58","modified_gmt":"2026-05-01T21:36:58","slug":"tragedie-la-cluj-takacs-csaba-fost-lider-udmr-a-murit-sub-un-tractor","status":"publish","type":"post","link":"https:\/\/www.newsrecorder.ro\/app\/2026\/05\/01\/tragedie-la-cluj-takacs-csaba-fost-lider-udmr-a-murit-sub-un-tractor\/","title":{"rendered":"Tragedie la Cluj: Takacs Csaba, fost lider UDMR, a murit sub un tractor"},"content":{"rendered":"<p>\u00cen seara zilei de vineri, pompierii din cadrul ISU Cluj au fost solicita\u021bi s\u0103 intervin\u0103 \u00een localitatea Corneni, din comuna Aluni\u0219, \u00een urma unui incident tragic \u00een care un b\u0103rbat a fost prins sub un tractor.<\/p>\n<p>La fa\u021ba locului au fost trimise o autospecial\u0103 dotat\u0103 cu modul de descarcerare, precum \u0219i o ambulan\u021b\u0103 de la Serviciul de Ambulan\u021b\u0103 Jude\u021bean (SAJ).<\/p>\n<p>\u201eEchipele de interven\u021bie au g\u0103sit victima blocat\u0103 sub tractorul care avea ata\u0219at un utilaj agricol. Din p\u0103cate, b\u0103rbatul, \u00een v\u00e2rst\u0103 de aproximativ 70 de ani, a fost declarat decedat\u201d, a comunicat ISU Cluj.<\/p>\n<p>B\u0103rbatul \u00een cauz\u0103 a fost identificat ca fiind Takacs Csaba, fost pre\u0219edinte executiv al UDMR, conform informa\u021biilor de pe <a href=\"https:\/\/cluj24.ro\/barbatul-mort-strivit-de-tractor-in-corneni-fostul-presedinte-executiv-al-udmr-takacs-csaba-mesajul-lui-kelemen-hunor-289200.html?uord=INXAl_PggCu0Jm%3D\/mW13PRLzNRBt\/iHdJ5xwK33kkuXhg4ecIFSOkG2LYCE8SxazVgG-NggISPvFu3ezh_SIRpiOxmD4QU1POUetPCS\/INxzVOB%3DjOfhtSqxHSWSwW1zRxACNxi1\" target=\"_blank\" rel=\"noopener\">Cluj24.ro<\/a>.<\/p>\n<p>Kelemen Hunor, liderul UDMR, a transmis un mesaj emo\u021bionant \u00een memoria lui Takacs: \u201eA fost inima comunit\u0103\u021bii noastre, con\u0219tiin\u021ba Uniunii noastre. El a fost tovar\u0103\u0219ul nostru de n\u0103dejde. Mul\u021bi oameni \u00eel cuno\u0219teau, dar sunt la fel de multe persoane c\u0103ror via\u021b\u0103 le-a \u00eembun\u0103t\u0103\u021bit-o f\u0103r\u0103 ca ei s\u0103-i \u0219tie numele. Personal, \u00eei port o recuno\u0219tin\u021b\u0103 profund\u0103 lui Tak\u00e1cs Csaba: a fost mentorul meu, cel mai mare lupt\u0103tor de la care am \u00eenv\u0103\u021bat, un prieten loial. Aceast\u0103 inim\u0103 a b\u0103tut adesea pentru noi, a continuat s\u0103 bat\u0103 chiar \u0219i atunci c\u00e2nd oboseam, \u0219i trebuie s\u0103 continu\u0103m s\u0103 bat\u0103, pentru c\u0103 mai avem multe de realizat pentru aceast\u0103 comunitate. Ce a \u00eenceput el trebuie s\u0103 continu\u0103m. Drag\u0103 Csaba, Dumnezeu s\u0103 te odihneasc\u0103.\u201d<\/p>\n","protected":false},"excerpt":{"rendered":"<p>\u00cen seara zilei de vineri, pompierii din cadrul ISU Cluj au fost solicita\u021bi s\u0103 intervin\u0103 \u00een localitatea Corneni, din comuna Aluni\u0219, \u00een urma unui incident tragic \u00een care un b\u0103rbat a fost prins sub un tractor. La fa\u021ba locului au fost trimise o autospecial\u0103 dotat\u0103 cu modul de descarcerare, precum \u0219i o ambulan\u021b\u0103 de la [&hellip;]<\/p>\n","protected":false},"author":2,"featured_media":17104,"comment_status":"open","ping_status":"open","sticky":false,"template":"","format":"standard","meta":{"jnews-multi-image_gallery":[],"jnews_single_post":[],"jnews_primary_category":[],"jnews_override_counter":[],"footnotes":""},"categories":[42],"tags":[955,19314,19312,3039,19313,19311,19310,379],"class_list":["post-17103","post","type-post","status-publish","format-standard","has-post-thumbnail","hentry","category-politica","tag-accident","tag-alunis","tag-isu-cluj","tag-pompieri","tag-takacs-csaba","tag-tractor","tag-tragic","tag-udmr"],"_links":{"self":[{"href":"https:\/\/www.newsrecorder.ro\/app\/wp-json\/wp\/v2\/posts\/17103","targetHints":{"allow":["GET"]}}],"collection":[{"href":"https:\/\/www.newsrecorder.ro\/app\/wp-json\/wp\/v2\/posts"}],"about":[{"href":"https:\/\/www.newsrecorder.ro\/app\/wp-json\/wp\/v2\/types\/post"}],"author":[{"embeddable":true,"href":"https:\/\/www.newsrecorder.ro\/app\/wp-json\/wp\/v2\/users\/2"}],"replies":[{"embeddable":true,"href":"https:\/\/www.newsrecorder.ro\/app\/wp-json\/wp\/v2\/comments?post=17103"}],"version-history":[{"count":0,"href":"https:\/\/www.newsrecorder.ro\/app\/wp-json\/wp\/v2\/posts\/17103\/revisions"}],"wp:featuredmedia":[{"embeddable":true,"href":"https:\/\/www.newsrecorder.ro\/app\/wp-json\/wp\/v2\/media\/17104"}],"wp:attachment":[{"href":"https:\/\/www.newsrecorder.ro\/app\/wp-json\/wp\/v2\/media?parent=17103"}],"wp:term":[{"taxonomy":"category","embeddable":true,"href":"https:\/\/www.newsrecorder.ro\/app\/wp-json\/wp\/v2\/categories?post=17103"},{"taxonomy":"post_tag","embeddable":true,"href":"https:\/\/www.newsrecorder.ro\/app\/wp-json\/wp\/v2\/tags?post=17103"}],"curies":[{"name":"wp","href":"https:\/\/api.w.org\/{rel}","templated":true}]}}