{"id":17107,"date":"2026-05-01T21:37:23","date_gmt":"2026-05-01T21:37:23","guid":{"rendered":"https:\/\/www.newsrecorder.ro\/app\/2026\/05\/01\/bolojan-anunta-semnarea-primului-contract-safe-pentru-a7-la-suceava\/"},"modified":"2026-05-01T21:37:23","modified_gmt":"2026-05-01T21:37:23","slug":"bolojan-anunta-semnarea-primului-contract-safe-pentru-a7-la-suceava","status":"publish","type":"post","link":"https:\/\/www.newsrecorder.ro\/app\/2026\/05\/01\/bolojan-anunta-semnarea-primului-contract-safe-pentru-a7-la-suceava\/","title":{"rendered":"Bolojan anun\u021b\u0103 semnarea primului contract SAFE pentru A7 la Suceava!"},"content":{"rendered":"<p>Premierul Ilie Bolojan a anun\u021bat cu entuziasm semnarea primului contract din Rom\u00e2nia, finan\u021bat prin Programul SAFE, o ini\u021biativ\u0103 european\u0103 destinat\u0103 s\u0103 sprijine investi\u021biile \u00een infrastructur\u0103 cu utilizare dual\u0103, at\u00e2t civil\u0103, c\u00e2t \u0219i militar\u0103. Aceast\u0103 finan\u021bare esen\u021bial\u0103 va permite continuarea marilor proiecte de infrastructur\u0103, \u00eentr-un context \u00een care bugetele existente se confrunt\u0103 cu o presiune considerabil\u0103.<\/p>\n<p>Unul dintre cele mai a\u0219teptate proiecte este tronsonul A7, \u00eentre Pa\u0219cani \u0219i Suceava, care va avea o lungime total\u0103 de aproximativ 62 de kilometri, \u00eemp\u0103r\u021bit\u0103 \u00een dou\u0103 loturi distincte. Lucr\u0103rile vor cuprinde construc\u021bia a zeci de poduri, pasaje, viaducte, noduri rutiere, precum \u0219i spa\u021bii de servicii, inclusiv infrastructur\u0103 pentru vehicule electrice.<\/p>\n<p>Contractul prevede o durat\u0103 de 30 de luni, din care 6 luni sunt dedicate proiect\u0103rii, iar 24 de luni execu\u021biei efective a lucr\u0103rilor. Premierul subliniaz\u0103 importan\u021ba acestui proiect pentru regiunea de Nord-Est, unde conectivitatea r\u0103m\u00e2ne un factor esen\u021bial pentru dezvoltarea economic\u0103. Leg\u0103tura dintre Pa\u0219cani \u0219i Suceava, continu\u00e2nd spre Siret \u0219i Ungheni, va \u00eembun\u0103t\u0103\u021bi condi\u021biile de mobilitate \u0219i va stimula investi\u021biile \u00een zon\u0103.<\/p>\n<p>Bolojan a declarat c\u0103 acest proiect reprezint\u0103 rodul unui efort \u00eendelungat, care a \u00eenceput cu realizarea studiilor de fezabilitate \u0219i a continuat cu parcurgerea etapelor de avizare \u0219i licita\u021bie. Scopul final este ca, odat\u0103 cu finalizarea lucr\u0103rilor, circula\u021bia pe acest tronson s\u0103 fie deschis\u0103 \u00een anul 2029, oferind astfel un impuls necesar pentru dezvoltarea regiunii.<\/p>\n","protected":false},"excerpt":{"rendered":"<p>Premierul Ilie Bolojan a anun\u021bat cu entuziasm semnarea primului contract din Rom\u00e2nia, finan\u021bat prin Programul SAFE, o ini\u021biativ\u0103 european\u0103 destinat\u0103 s\u0103 sprijine investi\u021biile \u00een infrastructur\u0103 cu utilizare dual\u0103, at\u00e2t civil\u0103, c\u00e2t \u0219i militar\u0103. Aceast\u0103 finan\u021bare esen\u021bial\u0103 va permite continuarea marilor proiecte de infrastructur\u0103, \u00eentr-un context \u00een care bugetele existente se confrunt\u0103 cu o presiune considerabil\u0103. [&hellip;]<\/p>\n","protected":false},"author":2,"featured_media":17108,"comment_status":"open","ping_status":"open","sticky":false,"template":"","format":"standard","meta":{"jnews-multi-image_gallery":[],"jnews_single_post":[],"jnews_primary_category":[],"jnews_override_counter":[],"footnotes":""},"categories":[42],"tags":[1162,460,420,19319,2668,1945,19318,790],"class_list":["post-17107","post","type-post","status-publish","format-standard","has-post-thumbnail","hentry","category-politica","tag-contract","tag-infrastructura","tag-investitii","tag-pascani","tag-programul-safe","tag-suceava","tag-tronsonul-a7","tag-vehicule-electrice"],"_links":{"self":[{"href":"https:\/\/www.newsrecorder.ro\/app\/wp-json\/wp\/v2\/posts\/17107","targetHints":{"allow":["GET"]}}],"collection":[{"href":"https:\/\/www.newsrecorder.ro\/app\/wp-json\/wp\/v2\/posts"}],"about":[{"href":"https:\/\/www.newsrecorder.ro\/app\/wp-json\/wp\/v2\/types\/post"}],"author":[{"embeddable":true,"href":"https:\/\/www.newsrecorder.ro\/app\/wp-json\/wp\/v2\/users\/2"}],"replies":[{"embeddable":true,"href":"https:\/\/www.newsrecorder.ro\/app\/wp-json\/wp\/v2\/comments?post=17107"}],"version-history":[{"count":0,"href":"https:\/\/www.newsrecorder.ro\/app\/wp-json\/wp\/v2\/posts\/17107\/revisions"}],"wp:featuredmedia":[{"embeddable":true,"href":"https:\/\/www.newsrecorder.ro\/app\/wp-json\/wp\/v2\/media\/17108"}],"wp:attachment":[{"href":"https:\/\/www.newsrecorder.ro\/app\/wp-json\/wp\/v2\/media?parent=17107"}],"wp:term":[{"taxonomy":"category","embeddable":true,"href":"https:\/\/www.newsrecorder.ro\/app\/wp-json\/wp\/v2\/categories?post=17107"},{"taxonomy":"post_tag","embeddable":true,"href":"https:\/\/www.newsrecorder.ro\/app\/wp-json\/wp\/v2\/tags?post=17107"}],"curies":[{"name":"wp","href":"https:\/\/api.w.org\/{rel}","templated":true}]}}