{"id":17109,"date":"2026-05-01T21:37:54","date_gmt":"2026-05-01T21:37:54","guid":{"rendered":"https:\/\/www.newsrecorder.ro\/app\/2026\/05\/01\/dragos-pislaru-am-obtinut-3507-mil-euro-din-pnrr\/"},"modified":"2026-05-01T21:37:54","modified_gmt":"2026-05-01T21:37:54","slug":"dragos-pislaru-am-obtinut-3507-mil-euro-din-pnrr","status":"publish","type":"post","link":"https:\/\/www.newsrecorder.ro\/app\/2026\/05\/01\/dragos-pislaru-am-obtinut-3507-mil-euro-din-pnrr\/","title":{"rendered":"Drago\u0219 P\u00eeslaru: Am ob\u021binut 350,7 mil. euro din PNRR!"},"content":{"rendered":"<p>\u00cen seara de joi, ministrul Fondurilor Europene, Drago\u0219 P\u00eeslaru, a anun\u021bat primirea evalu\u0103rii Comisiei Europene cu privire la Cererea de plat\u0103 nr. 3 din cadrul Planului Na\u021bional de Redresare \u0219i Rezilien\u021b\u0103 (PNRR). Acesta a descris cererea ca fiind una dintre cele mai complexe cu care Rom\u00e2nia s-a confruntat p\u00e2n\u0103 \u00een prezent. Cererea a fost depus\u0103 pe 15 decembrie 2023, iar reformele incluse \u00een aceasta trebuiau s\u0103 fie implementate corect la acel moment.<\/p>\n<p>\u00cen mai 2025, Comisia European\u0103 a decis suspendarea par\u021bial\u0103 a unor sume, motiv\u00e2nd c\u0103 mai multe reforme nu au fost \u00eendeplinite conform a\u0219tept\u0103rilor. Rom\u00e2nia a avut apoi ocazia de a corecta situa\u021bia, oferind justific\u0103ri suplimentare pe 28 noiembrie 2025. Din p\u0103cate, Comisia a concluzionat c\u0103 patru jaloane importante nu au fost rezolvate corespunz\u0103tor.<\/p>\n<p>Cu toate acestea, din cele 231 milioane de euro suspendate ini\u021bial, Rom\u00e2nia a reu\u0219it s\u0103 recupereze 166 milioane de euro. \u201eDe la preluarea mandatului pe 23 iunie, am folosit toate c\u0103ile disponibile, at\u00e2t formale c\u00e2t \u0219i informale, pentru a recupera c\u00e2t mai mult din sumele suspendate. Am purtat discu\u021bii tehnice, am f\u0103cut clarific\u0103ri, am negociat \u0219i am coordonat cu institu\u021biile relevante, men\u021bin\u00e2nd un dialog constant cu structurile Comisiei Europene. Eforturile noastre au dus la recuperarea a 350,7 milioane de euro care erau ini\u021bial suspenda\u021bi\u201d, a subliniat P\u00eeslaru.<\/p>\n<p><strong>Un aspect esen\u021bial<\/strong> al acestui proces a fost legisla\u021bia referitoare la pensiile speciale, unde Rom\u00e2nia a reu\u0219it s\u0103 recupereze o sum\u0103 semnificativ\u0103. \u201eAcesta a fost un dosar complicat, marcat de \u0219ase am\u00e2n\u0103ri la Curtea Constitu\u021bional\u0103, ceea ce a dus la dep\u0103\u0219irea termenului stabilit cu Comisia. Implicarea prim-ministrului Ilie Bolojan a fost crucial\u0103, iar Comisia European\u0103 a confirmat c\u0103 prin Legea nr. 24\/2026, Rom\u00e2nia a \u00eendeplinit cerin\u021bele necesare pentru acest jalon\u201d, a ad\u0103ugat el.<\/p>\n<p><strong>Un alt dosar important<\/strong> este AMEPIP, care vizeaz\u0103 guvernan\u021ba companiilor de stat. P\u00eeslaru a explicat c\u0103 aceast\u0103 institu\u021bie are rolul de a asigura conducerea profesionist\u0103 \u0219i transparent\u0103 a firmelor de stat, bazat\u0103 pe criterii de performan\u021b\u0103, nu pe influen\u021be politice. \u201e\u00cen acest caz, am reu\u0219it s\u0103 recuper\u0103m 132 milioane de euro, iar contribu\u021bia viceprim-ministrului Oana Gheorghiu a fost esen\u021bial\u0103 pentru avansarea reformei \u0219i salvarea fondurilor europene\u201d, a mai men\u021bionat ministrul.<\/p>\n<p><strong>Un alt jalon important<\/strong> se refer\u0103 la companiile de stat din sectorul energetic, cum ar fi Hidroelectrica, Romgaz \u0219i Nuclearelectrica. Comisia European\u0103 a identificat probleme semnificative \u00een procesul de selec\u021bie \u0219i numire a membrilor \u00een consiliile de administra\u021bie, inclusiv numiri politice \u0219i criterii aplicate incorect. Din p\u0103cate, Rom\u00e2nia a pierdut 180 milioane euro \u00een acest caz, reu\u0219ind s\u0103 recupereze doar 48 milioane euro.<\/p>\n<p><strong>Pe de alt\u0103 parte<\/strong>, la companiile de stat din transporturi \u2013 CNAIR, CNIR, CFR, Metrorex \u0219i CFR C\u0103l\u0103tori \u2013 s-au \u00eenregistrat probleme similare. Aici, Rom\u00e2nia a pierdut 15,4 milioane euro, recuper\u00e2nd \u00een schimb 4,5 milioane euro. \u201e\u00cen concluzie, acolo unde a existat voin\u021b\u0103 politic\u0103, cum a fost cazul pensiilor speciale, Rom\u00e2nia a reu\u0219it s\u0103 recupereze o mare parte din fonduri. \u00cens\u0103, \u00een situa\u021biile \u00een care reformele au fost am\u00e2nate ani de zile, \u00een special \u00een cazul companiilor de stat, pierderile au fost considerabile\u201d, a subliniat P\u00eeslaru.<\/p>\n<p><strong>Cine este responsabil?<\/strong> Ministrul P\u00eeslaru a subliniat c\u0103 vinova\u021bi sunt to\u021bi politicienii care au tergiversat reformele reale din frica de a-\u0219i pierde privilegiile, numind \u00een func\u021bii de conducere persoane necalificate, cum ar fi rudele sau cuno\u0219tin\u021bele. \u201eAce\u0219tia au v\u0103zut bugetul de stat ca o oportunitate de \u00eembog\u0103\u021bire personal\u0103, nu ca o responsabilitate fa\u021b\u0103 de rom\u00e2ni\u201d, a afirmat el.<\/p>\n<p>\u00cen final, P\u00eeslaru a concluzionat c\u0103 \u201enoi, to\u021bi rom\u00e2nii, suntem cei care trebuie s\u0103 suport\u0103m costurile incompeten\u021bei unor lideri politici care ne \u021bin \u00een s\u0103r\u0103cie \u0219i ignoran\u021b\u0103, manipul\u00e2nd aleg\u0103torii pentru a ob\u021bine voturi. Poate, data viitoare, vom \u00eenv\u0103\u021ba din experien\u021bele acestea.\u201d<\/p>\n","protected":false},"excerpt":{"rendered":"<p>\u00cen seara de joi, ministrul Fondurilor Europene, Drago\u0219 P\u00eeslaru, a anun\u021bat primirea evalu\u0103rii Comisiei Europene cu privire la Cererea de plat\u0103 nr. 3 din cadrul Planului Na\u021bional de Redresare \u0219i Rezilien\u021b\u0103 (PNRR). Acesta a descris cererea ca fiind una dintre cele mai complexe cu care Rom\u00e2nia s-a confruntat p\u00e2n\u0103 \u00een prezent. Cererea a fost depus\u0103 [&hellip;]<\/p>\n","protected":false},"author":2,"featured_media":17110,"comment_status":"open","ping_status":"open","sticky":false,"template":"","format":"standard","meta":{"jnews-multi-image_gallery":[],"jnews_single_post":[],"jnews_primary_category":[],"jnews_override_counter":[],"footnotes":""},"categories":[42],"tags":[19317,499,4205,1766,7602,4207,1057,149],"class_list":["post-17109","post","type-post","status-publish","format-standard","has-post-thumbnail","hentry","category-politica","tag-cerere-de-plata","tag-comisia-europeana","tag-dragos-pislaru","tag-fonduri-europene","tag-jaloane","tag-plan-national-de-redresare","tag-reforme","tag-romania"],"_links":{"self":[{"href":"https:\/\/www.newsrecorder.ro\/app\/wp-json\/wp\/v2\/posts\/17109","targetHints":{"allow":["GET"]}}],"collection":[{"href":"https:\/\/www.newsrecorder.ro\/app\/wp-json\/wp\/v2\/posts"}],"about":[{"href":"https:\/\/www.newsrecorder.ro\/app\/wp-json\/wp\/v2\/types\/post"}],"author":[{"embeddable":true,"href":"https:\/\/www.newsrecorder.ro\/app\/wp-json\/wp\/v2\/users\/2"}],"replies":[{"embeddable":true,"href":"https:\/\/www.newsrecorder.ro\/app\/wp-json\/wp\/v2\/comments?post=17109"}],"version-history":[{"count":0,"href":"https:\/\/www.newsrecorder.ro\/app\/wp-json\/wp\/v2\/posts\/17109\/revisions"}],"wp:featuredmedia":[{"embeddable":true,"href":"https:\/\/www.newsrecorder.ro\/app\/wp-json\/wp\/v2\/media\/17110"}],"wp:attachment":[{"href":"https:\/\/www.newsrecorder.ro\/app\/wp-json\/wp\/v2\/media?parent=17109"}],"wp:term":[{"taxonomy":"category","embeddable":true,"href":"https:\/\/www.newsrecorder.ro\/app\/wp-json\/wp\/v2\/categories?post=17109"},{"taxonomy":"post_tag","embeddable":true,"href":"https:\/\/www.newsrecorder.ro\/app\/wp-json\/wp\/v2\/tags?post=17109"}],"curies":[{"name":"wp","href":"https:\/\/api.w.org\/{rel}","templated":true}]}}