{"id":17111,"date":"2026-05-01T21:38:19","date_gmt":"2026-05-01T21:38:19","guid":{"rendered":"https:\/\/www.newsrecorder.ro\/app\/2026\/05\/01\/pislaru-muncitorii-merita-respect-si-conditii-decente-de-1-mai\/"},"modified":"2026-05-01T21:38:19","modified_gmt":"2026-05-01T21:38:19","slug":"pislaru-muncitorii-merita-respect-si-conditii-decente-de-1-mai","status":"publish","type":"post","link":"https:\/\/www.newsrecorder.ro\/app\/2026\/05\/01\/pislaru-muncitorii-merita-respect-si-conditii-decente-de-1-mai\/","title":{"rendered":"P\u00eeslaru: Muncitorii merit\u0103 respect \u0219i condi\u021bii decente de 1 Mai!"},"content":{"rendered":"<p><em>\u201e\u00cen calitate de ministru interimar al Muncii, ast\u0103zi, de 1 mai \u2014 Ziua Muncii, doresc s\u0103 transmit un mesaj de respect \u0219i recuno\u0219tin\u021b\u0103 tuturor celor care muncesc cu onestitate, str\u0103duindu-se s\u0103 asigure un trai decent pentru ei \u0219i familiile lor\u201d<\/em>, a declarat P\u00eeslaru pe pagina sa de Facebook, vineri.<\/p>\n<p>Ministrul interimar al Muncii a subliniat c\u0103 g\u00e2ndurile sale se \u00eendreapt\u0103 c\u0103tre to\u021bi rom\u00e2nii care \u201emuncesc \u00een fabrici\u201d, cei care \u201eprogrameaz\u0103\u201d \u00een companii, precum \u0219i c\u0103tre cei care \u201evindec\u0103 \u00een spitale\u201d sau \u201ene protejeaz\u0103 de pericole\u201d.<\/p>\n<p>De asemenea, P\u00eeslaru \u0219i-a extins ur\u0103rile la adresa celor care \u201ec\u0103l\u0103toresc pe drumuri lungi\u201d, dar \u0219i celor care \u00ee\u0219i desf\u0103\u0219oar\u0103 activitatea de acas\u0103; celor care \u201econstruiesc pe \u0219antiere\u201d, precum \u0219i celor care \u201einoveaz\u0103 \u00een laboratoare\u201d.<\/p>\n<p>El a men\u021bionat c\u0103 mesajul s\u0103u se adreseaz\u0103 \u0219i rom\u00e2nilor care lucreaz\u0103 \u201ela cravat\u0103\u201d, dar \u0219i celor care \u00ee\u0219i desf\u0103\u0219oar\u0103 activitatea \u201ela c\u00e2mp\u201d, precum \u0219i celor care muncesc \u00een str\u0103in\u0103tate sau celor care au ales s\u0103 r\u0103m\u00e2n\u0103 \u00een \u021bar\u0103.<\/p>\n<p><em>\u201eMunca trebuie s\u0103 fie respectat\u0103 \u0219i nicio munc\u0103 cinstit\u0103 nu trebuie considerat\u0103 o ru\u0219ine. Pentru a-i respecta cu adev\u0103rat pe cei care muncesc, statul are datoria de a stabili reguli corecte, de a asigura condi\u021bii decente, salarii echitabile \u0219i un sistem care s\u0103 protejeze persoanele vulnerabile, f\u0103r\u0103 a descuraja \u00eens\u0103 pe cei activi\u201d<\/em>, a ad\u0103ugat P\u00eeslaru.<\/p>\n","protected":false},"excerpt":{"rendered":"<p>\u201e\u00cen calitate de ministru interimar al Muncii, ast\u0103zi, de 1 mai \u2014 Ziua Muncii, doresc s\u0103 transmit un mesaj de respect \u0219i recuno\u0219tin\u021b\u0103 tuturor celor care muncesc cu onestitate, str\u0103duindu-se s\u0103 asigure un trai decent pentru ei \u0219i familiile lor\u201d, a declarat P\u00eeslaru pe pagina sa de Facebook, vineri. Ministrul interimar al Muncii a subliniat [&hellip;]<\/p>\n","protected":false},"author":2,"featured_media":17112,"comment_status":"open","ping_status":"open","sticky":false,"template":"","format":"standard","meta":{"jnews-multi-image_gallery":[],"jnews_single_post":[],"jnews_primary_category":[],"jnews_override_counter":[],"footnotes":""},"categories":[42],"tags":[19029,3728,3049,8829,7400,1048,523,19320],"class_list":["post-17111","post","type-post","status-publish","format-standard","has-post-thumbnail","hentry","category-politica","tag-1-mai","tag-activitate","tag-munca","tag-onestitate","tag-recunostinta","tag-respect","tag-romani","tag-zi"],"_links":{"self":[{"href":"https:\/\/www.newsrecorder.ro\/app\/wp-json\/wp\/v2\/posts\/17111","targetHints":{"allow":["GET"]}}],"collection":[{"href":"https:\/\/www.newsrecorder.ro\/app\/wp-json\/wp\/v2\/posts"}],"about":[{"href":"https:\/\/www.newsrecorder.ro\/app\/wp-json\/wp\/v2\/types\/post"}],"author":[{"embeddable":true,"href":"https:\/\/www.newsrecorder.ro\/app\/wp-json\/wp\/v2\/users\/2"}],"replies":[{"embeddable":true,"href":"https:\/\/www.newsrecorder.ro\/app\/wp-json\/wp\/v2\/comments?post=17111"}],"version-history":[{"count":0,"href":"https:\/\/www.newsrecorder.ro\/app\/wp-json\/wp\/v2\/posts\/17111\/revisions"}],"wp:featuredmedia":[{"embeddable":true,"href":"https:\/\/www.newsrecorder.ro\/app\/wp-json\/wp\/v2\/media\/17112"}],"wp:attachment":[{"href":"https:\/\/www.newsrecorder.ro\/app\/wp-json\/wp\/v2\/media?parent=17111"}],"wp:term":[{"taxonomy":"category","embeddable":true,"href":"https:\/\/www.newsrecorder.ro\/app\/wp-json\/wp\/v2\/categories?post=17111"},{"taxonomy":"post_tag","embeddable":true,"href":"https:\/\/www.newsrecorder.ro\/app\/wp-json\/wp\/v2\/tags?post=17111"}],"curies":[{"name":"wp","href":"https:\/\/api.w.org\/{rel}","templated":true}]}}