{"id":17113,"date":"2026-05-01T21:38:31","date_gmt":"2026-05-01T21:38:31","guid":{"rendered":"https:\/\/www.newsrecorder.ro\/app\/2026\/05\/01\/oana-toiu-votul-meu-e-impotriva-crizei-politice-inutile\/"},"modified":"2026-05-01T21:38:31","modified_gmt":"2026-05-01T21:38:31","slug":"oana-toiu-votul-meu-e-impotriva-crizei-politice-inutile","status":"publish","type":"post","link":"https:\/\/www.newsrecorder.ro\/app\/2026\/05\/01\/oana-toiu-votul-meu-e-impotriva-crizei-politice-inutile\/","title":{"rendered":"Oana \u021aoiu: \u201cVotul meu e \u00eempotriva crizei politice inutile!\u201d"},"content":{"rendered":"<p>\u201eVotul meu este \u00eempotriva mo\u021biunii de cenzur\u0103, deoarece am responsabilitatea de a reprezenta aleg\u0103torii. Acum, Rom\u00e2nia trebuie s\u0103-\u0219i reafirme angajamentul pro-european nu doar prin declara\u021bii, ci \u0219i prin ac\u021biuni concrete\u201d, a declarat \u021aoiu vineri, \u00een cadrul unei emisiuni la Digi24.<\/p>\n<p>\u00cen interven\u021bia sa, oficialul a subliniat impactul negativ pe care demiterea guvernului \u00eel are asupra economiei na\u021bionale. \u201eAm ajuns la un curs istoric al leului, iar acest lucru se datoreaz\u0103 deciziilor luate de partidele care au depus mo\u021biunea de cenzur\u0103 \u00eempotriva unui guvern pe care PSD-ul l-a sus\u021binut p\u00e2n\u0103 acum. Efectele se simt direct \u00een buzunarele rom\u00e2nilor, prin cre\u0219terea pre\u021burilor \u0219i a ratelor\u201d, a explicat \u021aoiu.<\/p>\n<p>De asemenea, ea a criticat momentul \u00een care a fost ini\u021biat\u0103 mo\u021biunea, subliniind c\u0103 acesta coincide cu o criz\u0103 energetic\u0103 generat\u0103 de conflictul din Orientul Mijlociu \u0219i cu o fereastr\u0103 str\u00e2ns\u0103 pentru absorb\u021bia fondurilor din PNRR. \u201eNe afl\u0103m \u00eentr-o criz\u0103 politic\u0103 inutil\u0103, care ar fi putut fi evitat\u0103, iar aceast\u0103 criz\u0103 a fost declan\u0219at\u0103 \u00een mod iresponsabil. Aceste evenimente se suprapun cu crize de securitate \u0219i cu probleme pe care rom\u00e2nii le percep foarte clar, cum ar fi cre\u0219terea pre\u021burilor la energie. Nu era necesar\u0103 aceast\u0103 criz\u0103, mai ales \u00een condi\u021biile \u00een care avem doar 100 de zile pentru a accesa p\u00e2n\u0103 la 10 miliarde de euro alocate Rom\u00e2niei prin PNRR\u201d, a concluzionat \u0219efa diploma\u021biei rom\u00e2ne. <\/p>\n","protected":false},"excerpt":{"rendered":"<p>\u201eVotul meu este \u00eempotriva mo\u021biunii de cenzur\u0103, deoarece am responsabilitatea de a reprezenta aleg\u0103torii. Acum, Rom\u00e2nia trebuie s\u0103-\u0219i reafirme angajamentul pro-european nu doar prin declara\u021bii, ci \u0219i prin ac\u021biuni concrete\u201d, a declarat \u021aoiu vineri, \u00een cadrul unei emisiuni la Digi24. \u00cen interven\u021bia sa, oficialul a subliniat impactul negativ pe care demiterea guvernului \u00eel are asupra [&hellip;]<\/p>\n","protected":false},"author":2,"featured_media":17114,"comment_status":"open","ping_status":"open","sticky":false,"template":"","format":"standard","meta":{"jnews-multi-image_gallery":[],"jnews_single_post":[],"jnews_primary_category":[],"jnews_override_counter":[],"footnotes":""},"categories":[42],"tags":[19321,7473,11840,19322,12212,535,149,522],"class_list":["post-17113","post","type-post","status-publish","format-standard","has-post-thumbnail","hentry","category-politica","tag-angajament-pro-european","tag-criza-energetica","tag-economie-nationala","tag-fonduri-pnrr","tag-motiune-de-cenzura","tag-preturi","tag-romania","tag-vot"],"_links":{"self":[{"href":"https:\/\/www.newsrecorder.ro\/app\/wp-json\/wp\/v2\/posts\/17113","targetHints":{"allow":["GET"]}}],"collection":[{"href":"https:\/\/www.newsrecorder.ro\/app\/wp-json\/wp\/v2\/posts"}],"about":[{"href":"https:\/\/www.newsrecorder.ro\/app\/wp-json\/wp\/v2\/types\/post"}],"author":[{"embeddable":true,"href":"https:\/\/www.newsrecorder.ro\/app\/wp-json\/wp\/v2\/users\/2"}],"replies":[{"embeddable":true,"href":"https:\/\/www.newsrecorder.ro\/app\/wp-json\/wp\/v2\/comments?post=17113"}],"version-history":[{"count":0,"href":"https:\/\/www.newsrecorder.ro\/app\/wp-json\/wp\/v2\/posts\/17113\/revisions"}],"wp:featuredmedia":[{"embeddable":true,"href":"https:\/\/www.newsrecorder.ro\/app\/wp-json\/wp\/v2\/media\/17114"}],"wp:attachment":[{"href":"https:\/\/www.newsrecorder.ro\/app\/wp-json\/wp\/v2\/media?parent=17113"}],"wp:term":[{"taxonomy":"category","embeddable":true,"href":"https:\/\/www.newsrecorder.ro\/app\/wp-json\/wp\/v2\/categories?post=17113"},{"taxonomy":"post_tag","embeddable":true,"href":"https:\/\/www.newsrecorder.ro\/app\/wp-json\/wp\/v2\/tags?post=17113"}],"curies":[{"name":"wp","href":"https:\/\/api.w.org\/{rel}","templated":true}]}}