{"id":17121,"date":"2026-05-02T01:12:30","date_gmt":"2026-05-02T01:12:30","guid":{"rendered":"https:\/\/www.newsrecorder.ro\/app\/2026\/05\/02\/boeing-747-pentru-donald-trump-air-force-one-temporar-acum-operational\/"},"modified":"2026-05-02T01:12:30","modified_gmt":"2026-05-02T01:12:30","slug":"boeing-747-pentru-donald-trump-air-force-one-temporar-acum-operational","status":"publish","type":"post","link":"https:\/\/www.newsrecorder.ro\/app\/2026\/05\/02\/boeing-747-pentru-donald-trump-air-force-one-temporar-acum-operational\/","title":{"rendered":"Boeing 747 pentru Donald Trump: Air Force One temporar, acum opera\u021bional!"},"content":{"rendered":"<p>Recent, un cadou controversat destinat s\u0103 func\u021bioneze ca avion preziden\u021bial temporar Air Force One a fost subiectul unor dezbateri intense. Opozi\u021bia democrat\u0103 a caracterizat acest gest drept mit\u0103, conform unui articol publicat de <a href=\"https:\/\/www.lefigaro.fr\/international\/le-boeing-747-offert-par-le-qatar-a-donald-trump-qui-doit-servir-d-air-force-one-temporaire-est-operationnel-20260501\" target=\"_blank\" rel=\"noopener\">Le Figaro<\/a> \u00een urm\u0103 cu un an.<\/p>\n<p>For\u021bele Aeriene ale Statelor Unite au anun\u021bat recent finalizarea modific\u0103rilor \u0219i a zborurilor de testare pentru aeronava primit\u0103, care se afl\u0103 acum \u00een etapa de vopsire. \u201eAvionul este pe drumul cel bun pentru a-\u0219i face debutul \u00een aceast\u0103 var\u0103, av\u00e2nd o nou\u0103 schem\u0103 de culori ro\u0219u, alb \u0219i albastru\u201d, au declarat oficialii americani.<\/p>\n<p>Aeronava, care anterior a apar\u021binut familiei regale din Qatar, va asigura transportul pre\u0219edintelui Statelor Unite p\u00e2n\u0103 la livrarea, a\u0219teptat\u0103 \u00een 2028, a noilor avioane Boeing, menite s\u0103 \u00eenlocuiasc\u0103 modelele actuale, care sunt uzate \u0219i dep\u0103\u0219ite. Valoarea estimat\u0103 a acestei dona\u021bii se ridic\u0103 la aproximativ 400 de milioane de dolari.<\/p>\n<p>\u00cen ciuda controverselor, Donald Trump a ap\u0103rat cu fermitate decizia sa de a accepta acest cadou din partea Qatarului, argument\u00e2nd c\u0103 ar fi \u201estupid\u201d s\u0103 refuze o astfel de ofert\u0103. \u201eEste un gest frumos din partea Qatarului. Sunt foarte recunosc\u0103tor\u201d, a declarat el \u00een 2025.<\/p>\n<p>Cu toate acestea, aceast\u0103 situa\u021bie a st\u00e2rnit reac\u021bii puternice din partea liderilor democra\u021bi, cum ar fi Chuck Schumer, care a denun\u021bat acceptarea cadoului ca fiind \u201enu doar corup\u021bie pur\u0103, ci \u0219i o amenin\u021bare serioas\u0103 la adresa securit\u0103\u021bii na\u021bionale\u201d. Schumer a ini\u021biat un proiect de lege destinat s\u0103 \u00eempiedice utilizarea aeronavei de c\u0103tre Donald Trump.<\/p>\n","protected":false},"excerpt":{"rendered":"<p>Recent, un cadou controversat destinat s\u0103 func\u021bioneze ca avion preziden\u021bial temporar Air Force One a fost subiectul unor dezbateri intense. Opozi\u021bia democrat\u0103 a caracterizat acest gest drept mit\u0103, conform unui articol publicat de Le Figaro \u00een urm\u0103 cu un an. For\u021bele Aeriene ale Statelor Unite au anun\u021bat recent finalizarea modific\u0103rilor \u0219i a zborurilor de testare [&hellip;]<\/p>\n","protected":false},"author":2,"featured_media":17122,"comment_status":"open","ping_status":"open","sticky":false,"template":"","format":"standard","meta":{"jnews-multi-image_gallery":[],"jnews_single_post":[],"jnews_primary_category":[],"jnews_override_counter":[],"footnotes":""},"categories":[39],"tags":[7135,19334,19333,19332,12500,7232,19335,9157],"class_list":["post-17121","post","type-post","status-publish","format-standard","has-post-thumbnail","hentry","category-stirile-zilei","tag-aeronava","tag-air-force-one","tag-avion-prezidential","tag-cadou-controversat","tag-donatie","tag-fortele-aeriene","tag-livrare-2028","tag-opozitie-democratica"],"_links":{"self":[{"href":"https:\/\/www.newsrecorder.ro\/app\/wp-json\/wp\/v2\/posts\/17121","targetHints":{"allow":["GET"]}}],"collection":[{"href":"https:\/\/www.newsrecorder.ro\/app\/wp-json\/wp\/v2\/posts"}],"about":[{"href":"https:\/\/www.newsrecorder.ro\/app\/wp-json\/wp\/v2\/types\/post"}],"author":[{"embeddable":true,"href":"https:\/\/www.newsrecorder.ro\/app\/wp-json\/wp\/v2\/users\/2"}],"replies":[{"embeddable":true,"href":"https:\/\/www.newsrecorder.ro\/app\/wp-json\/wp\/v2\/comments?post=17121"}],"version-history":[{"count":0,"href":"https:\/\/www.newsrecorder.ro\/app\/wp-json\/wp\/v2\/posts\/17121\/revisions"}],"wp:featuredmedia":[{"embeddable":true,"href":"https:\/\/www.newsrecorder.ro\/app\/wp-json\/wp\/v2\/media\/17122"}],"wp:attachment":[{"href":"https:\/\/www.newsrecorder.ro\/app\/wp-json\/wp\/v2\/media?parent=17121"}],"wp:term":[{"taxonomy":"category","embeddable":true,"href":"https:\/\/www.newsrecorder.ro\/app\/wp-json\/wp\/v2\/categories?post=17121"},{"taxonomy":"post_tag","embeddable":true,"href":"https:\/\/www.newsrecorder.ro\/app\/wp-json\/wp\/v2\/tags?post=17121"}],"curies":[{"name":"wp","href":"https:\/\/api.w.org\/{rel}","templated":true}]}}