{"id":17125,"date":"2026-05-02T01:36:37","date_gmt":"2026-05-02T01:36:37","guid":{"rendered":"https:\/\/www.newsrecorder.ro\/app\/2026\/05\/02\/trump-anunta-retragerea-a-5-000-de-soldati-din-germania\/"},"modified":"2026-05-02T01:36:37","modified_gmt":"2026-05-02T01:36:37","slug":"trump-anunta-retragerea-a-5-000-de-soldati-din-germania","status":"publish","type":"post","link":"https:\/\/www.newsrecorder.ro\/app\/2026\/05\/02\/trump-anunta-retragerea-a-5-000-de-soldati-din-germania\/","title":{"rendered":"Trump anun\u021b\u0103 retragerea a 5.000 de solda\u021bi din Germania!"},"content":{"rendered":"<p>Recent, oficialii au descris decizia pre\u0219edintelui Donald Trump ca fiind un semnal clar al nemul\u021bumirii sale fa\u021b\u0103 de sprijinul insuficient acordat de alia\u021bii europeni \u00een conflictul dintre Statele Unite \u0219i Iran, conform <a href=\"https:\/\/www.cbsnews.com\/news\/trump-germany-5000-troops\/\" target=\"_blank\" rel=\"noopener\">CBS News<\/a>.<\/p>\n<p>Trump a criticat public cancelarul Germaniei, Friedrich Merz, \u0219i liderii altor state membre NATO pentru lipsa de implicare \u00een campania militar\u0103 a SUA \u00eempotriva Iranului.<\/p>\n<p>De la finalul celui de-al Doilea R\u0103zboi Mondial \u0219i \u00een perioada R\u0103zboiului Rece, armata SUA a men\u021binut o prezen\u021b\u0103 semnificativ\u0103 \u00een Germania. Datele furnizate de Departamentul Ap\u0103r\u0103rii indic\u0103 faptul c\u0103, \u00een decembrie anul trecut, peste 36.000 de solda\u021bi activi erau sta\u021biona\u021bi \u00een baze din \u00eentreaga \u021bar\u0103, al\u0103turi de aproape 1.500 de rezervi\u0219ti \u0219i 11.500 de civili.<\/p>\n<p>Este de men\u021bionat c\u0103 Japonia este singura na\u021biune str\u0103in\u0103 care beneficiaz\u0103 de o prezen\u021b\u0103 mai mare a trupelor americane dec\u00e2t Germania.<\/p>\n<p>Pe l\u00e2ng\u0103 faptul c\u0103 g\u0103zduie\u0219te un num\u0103r semnificativ de solda\u021bi, Germania este \u0219i sediul Comandamentului European al SUA \u0219i al Comandamentului pentru Africa. De asemenea, baza aerian\u0103 Ramstein joac\u0103 un rol esen\u021bial \u00een opera\u021biunile americane.<\/p>\n<p>\u00cen ceea ce prive\u0219te tensiunile dintre Trump \u0219i Merz, oficialii din domeniul ap\u0103r\u0103rii au declarat c\u0103 o parte din trupele americane care urmeaz\u0103 s\u0103 fie retrase din Europa ar putea fi relocate \u00een SUA \u0219i ulterior desf\u0103\u0219urate \u00een alte regiuni de interes, \u00een conformitate cu priorit\u0103\u021bile Pentagonului \u00een zona Indo-Pacific.<\/p>\n<p>La \u00eenceputul acestei s\u0103pt\u0103m\u00e2ni, Trump a l\u0103sat s\u0103 se \u00een\u021beleag\u0103 c\u0103 ia \u00een considerare o reducere a efectivelor militare din Germania, manifest\u00e2ndu-\u0219i frustr\u0103rile \u00een cre\u0219tere fa\u021b\u0103 de Merz. Aceasta a survenit dup\u0103 ce cancelarul german a afirmat c\u0103 \u201eamericanii nu au \u00een mod clar nicio strategie\u201d \u00een privin\u021ba Iranului \u0219i a subliniat c\u0103 SUA sunt \u201eumilite\u201d de negociatorii iranieni.<\/p>\n<p>\u00centr-o serie de post\u0103ri pe platforma Truth Social, Trump a reac\u021bionat, afirm\u00e2nd c\u0103 Merz \u201enu \u0219tie despre ce vorbe\u0219te\u201d \u0219i c\u0103 se amestec\u0103 \u00een treburile celor care lucreaz\u0103 pentru a elimina amenin\u021barea nuclear\u0103 iranian\u0103.<\/p>\n<p>\u00cen ciuda acestor tensiuni, Merz a declarat miercuri c\u0103 rela\u021bia sa cu Trump r\u0103m\u00e2ne una bun\u0103.<\/p>\n<p>Este important de men\u021bionat c\u0103 Trump propusese deja, c\u0103tre sf\u00e2r\u0219itul primului s\u0103u mandat, retragerea a mii de solda\u021bi din Germania, o m\u0103sur\u0103 care a fost anulat\u0103 ulterior de fostul pre\u0219edinte Joe Biden.<\/p>\n","protected":false},"excerpt":{"rendered":"<p>Recent, oficialii au descris decizia pre\u0219edintelui Donald Trump ca fiind un semnal clar al nemul\u021bumirii sale fa\u021b\u0103 de sprijinul insuficient acordat de alia\u021bii europeni \u00een conflictul dintre Statele Unite \u0219i Iran, conform CBS News. Trump a criticat public cancelarul Germaniei, Friedrich Merz, \u0219i liderii altor state membre NATO pentru lipsa de implicare \u00een campania militar\u0103 [&hellip;]<\/p>\n","protected":false},"author":2,"featured_media":17126,"comment_status":"open","ping_status":"open","sticky":false,"template":"","format":"standard","meta":{"jnews-multi-image_gallery":[],"jnews_single_post":[],"jnews_primary_category":[],"jnews_override_counter":[],"footnotes":""},"categories":[39],"tags":[434,676,913,352,654,915,680,1735],"class_list":["post-17125","post","type-post","status-publish","format-standard","has-post-thumbnail","hentry","category-stirile-zilei","tag-aliati","tag-germania","tag-iran","tag-nato","tag-prezenta-militara","tag-razboi","tag-statele-unite","tag-trump"],"_links":{"self":[{"href":"https:\/\/www.newsrecorder.ro\/app\/wp-json\/wp\/v2\/posts\/17125","targetHints":{"allow":["GET"]}}],"collection":[{"href":"https:\/\/www.newsrecorder.ro\/app\/wp-json\/wp\/v2\/posts"}],"about":[{"href":"https:\/\/www.newsrecorder.ro\/app\/wp-json\/wp\/v2\/types\/post"}],"author":[{"embeddable":true,"href":"https:\/\/www.newsrecorder.ro\/app\/wp-json\/wp\/v2\/users\/2"}],"replies":[{"embeddable":true,"href":"https:\/\/www.newsrecorder.ro\/app\/wp-json\/wp\/v2\/comments?post=17125"}],"version-history":[{"count":0,"href":"https:\/\/www.newsrecorder.ro\/app\/wp-json\/wp\/v2\/posts\/17125\/revisions"}],"wp:featuredmedia":[{"embeddable":true,"href":"https:\/\/www.newsrecorder.ro\/app\/wp-json\/wp\/v2\/media\/17126"}],"wp:attachment":[{"href":"https:\/\/www.newsrecorder.ro\/app\/wp-json\/wp\/v2\/media?parent=17125"}],"wp:term":[{"taxonomy":"category","embeddable":true,"href":"https:\/\/www.newsrecorder.ro\/app\/wp-json\/wp\/v2\/categories?post=17125"},{"taxonomy":"post_tag","embeddable":true,"href":"https:\/\/www.newsrecorder.ro\/app\/wp-json\/wp\/v2\/tags?post=17125"}],"curies":[{"name":"wp","href":"https:\/\/api.w.org\/{rel}","templated":true}]}}