{"id":17135,"date":"2026-05-02T04:09:16","date_gmt":"2026-05-02T04:09:16","guid":{"rendered":"https:\/\/www.newsrecorder.ro\/app\/2026\/05\/02\/australia-in-alerta-invazia-de-soareci-ameninta-aprovizionarea-alimentara\/"},"modified":"2026-05-02T04:09:16","modified_gmt":"2026-05-02T04:09:16","slug":"australia-in-alerta-invazia-de-soareci-ameninta-aprovizionarea-alimentara","status":"publish","type":"post","link":"https:\/\/www.newsrecorder.ro\/app\/2026\/05\/02\/australia-in-alerta-invazia-de-soareci-ameninta-aprovizionarea-alimentara\/","title":{"rendered":"Australia \u00een alert\u0103: invazia de \u0219oareci amenin\u021b\u0103 aprovizionarea alimentar\u0103!"},"content":{"rendered":"<p>Ministrul Energiei, Chris Bowen, a exprimat \u00eengrijorarea sa fa\u021b\u0103 de situa\u021bia \u0219oarecilor din Australia de Vest, \u00eentr-o declara\u021bie televizat\u0103 de la Sydney, conform <a href=\"https:\/\/www.reuters.com\/world\/asia-pacific\/australia-worried-over-mouse-infestations-impact-food-supply-2026-05-02\/\" target=\"_blank\" rel=\"noopener\">Reuters<\/a>.<\/p>\n<p>Problema \u0219oarecilor, o provocare constant\u0103 pentru regiunile australiene cunoscute pentru produc\u021bia de cereale, a escaladat recent \u00een fermele din Australia de Vest, care se afl\u0103 \u00een inima centurii de gr\u00e2u a \u021b\u0103rii.<\/p>\n<p>\u00cen luna aprilie, fermierii au lansat un apel alarmant, avertiz\u00e2nd asupra posibilelor pierderi de recolt\u0103 \u0219i solicit\u00e2nd acces la solu\u021bii mai eficiente pentru combaterea acestor roz\u0103toare.<\/p>\n<p>Bowen a subliniat c\u0103 guvernul de centru-st\u00e2nga lucreaz\u0103 \u00eendeaproape cu sectorul agricol pentru a diminua efectele invaziei asupra aprovizion\u0103rii cu alimente, at\u00e2t pe plan intern, c\u00e2t \u0219i interna\u021bional.<\/p>\n<p>\u201eInvazia de \u0219oareci reprezint\u0103 o provocare major\u0103 pentru agricultori, industrie \u0219i autorit\u0103\u021bi\u201d, a ad\u0103ugat el, eviden\u021biind gravitatea situa\u021biei.<\/p>\n<p>Este important de men\u021bionat c\u0103 Australia, a patra cea mai mare \u021bar\u0103 exportatoare de gr\u00e2u la nivel mondial, a trecut printr-o criz\u0103 similar\u0103 \u00een 1993, c\u00e2nd o invazie masiv\u0103 de \u0219oareci a devastat mii de hectare de culturi, afect\u00e2nd \u0219i animalele din fermele de porci \u0219i pui, conform informa\u021biilor furnizate de agen\u021bia \u0219tiin\u021bific\u0103 a \u021b\u0103rii.<\/p>\n","protected":false},"excerpt":{"rendered":"<p>Ministrul Energiei, Chris Bowen, a exprimat \u00eengrijorarea sa fa\u021b\u0103 de situa\u021bia \u0219oarecilor din Australia de Vest, \u00eentr-o declara\u021bie televizat\u0103 de la Sydney, conform Reuters. Problema \u0219oarecilor, o provocare constant\u0103 pentru regiunile australiene cunoscute pentru produc\u021bia de cereale, a escaladat recent \u00een fermele din Australia de Vest, care se afl\u0103 \u00een inima centurii de gr\u00e2u a [&hellip;]<\/p>\n","protected":false},"author":2,"featured_media":17136,"comment_status":"open","ping_status":"open","sticky":false,"template":"","format":"standard","meta":{"jnews-multi-image_gallery":[],"jnews_single_post":[],"jnews_primary_category":[],"jnews_override_counter":[],"footnotes":""},"categories":[41],"tags":[467,19347,18539,9767,301,4050,19348,13745],"class_list":["post-17135","post","type-post","status-publish","format-standard","has-post-thumbnail","hentry","category-externe","tag-agricultura","tag-australia-de-vest","tag-cereale","tag-fermieri","tag-guvern","tag-invazie","tag-pierderi-de-recolta","tag-soareci"],"_links":{"self":[{"href":"https:\/\/www.newsrecorder.ro\/app\/wp-json\/wp\/v2\/posts\/17135","targetHints":{"allow":["GET"]}}],"collection":[{"href":"https:\/\/www.newsrecorder.ro\/app\/wp-json\/wp\/v2\/posts"}],"about":[{"href":"https:\/\/www.newsrecorder.ro\/app\/wp-json\/wp\/v2\/types\/post"}],"author":[{"embeddable":true,"href":"https:\/\/www.newsrecorder.ro\/app\/wp-json\/wp\/v2\/users\/2"}],"replies":[{"embeddable":true,"href":"https:\/\/www.newsrecorder.ro\/app\/wp-json\/wp\/v2\/comments?post=17135"}],"version-history":[{"count":0,"href":"https:\/\/www.newsrecorder.ro\/app\/wp-json\/wp\/v2\/posts\/17135\/revisions"}],"wp:featuredmedia":[{"embeddable":true,"href":"https:\/\/www.newsrecorder.ro\/app\/wp-json\/wp\/v2\/media\/17136"}],"wp:attachment":[{"href":"https:\/\/www.newsrecorder.ro\/app\/wp-json\/wp\/v2\/media?parent=17135"}],"wp:term":[{"taxonomy":"category","embeddable":true,"href":"https:\/\/www.newsrecorder.ro\/app\/wp-json\/wp\/v2\/categories?post=17135"},{"taxonomy":"post_tag","embeddable":true,"href":"https:\/\/www.newsrecorder.ro\/app\/wp-json\/wp\/v2\/tags?post=17135"}],"curies":[{"name":"wp","href":"https:\/\/api.w.org\/{rel}","templated":true}]}}