{"id":17137,"date":"2026-05-02T04:09:31","date_gmt":"2026-05-02T04:09:31","guid":{"rendered":"https:\/\/www.newsrecorder.ro\/app\/2026\/05\/02\/cuba-denunta-sanctiunile-lui-trump-ca-o-pedeapsa-colectiva-devastatoare\/"},"modified":"2026-05-02T04:09:31","modified_gmt":"2026-05-02T04:09:31","slug":"cuba-denunta-sanctiunile-lui-trump-ca-o-pedeapsa-colectiva-devastatoare","status":"publish","type":"post","link":"https:\/\/www.newsrecorder.ro\/app\/2026\/05\/02\/cuba-denunta-sanctiunile-lui-trump-ca-o-pedeapsa-colectiva-devastatoare\/","title":{"rendered":"Cuba denun\u021b\u0103 sanc\u021biunile lui Trump ca o \u201epedeaps\u0103 colectiv\u0103\u201d devastatoare"},"content":{"rendered":"<p>\u00centr-un decret preziden\u021bial semnat vineri, pre\u0219edintele Statelor Unite a anun\u021bat impunerea de sanc\u021biuni \u00eempotriva persoanelor implicate \u00een diverse sectoare ale economiei cubaneze. Aceast\u0103 decizie vine \u00een contextul \u00een care administra\u021bia american\u0103 caut\u0103 s\u0103 intensifice presiunea asupra regimului de la Havana, dup\u0103 \u00eenl\u0103turarea liderului venezuelean Nicol\u00e1s Maduro, la \u00eenceputul acestui an, conform informa\u021biilor furnizate de <a href=\"https:\/\/www.theguardian.com\/world\/2026\/may\/02\/cuba-trump-new-sanctions-economy\" target=\"_blank\" rel=\"noopener\">The Guardian<\/a>.<\/p>\n<p>Ministrul de externe al Cubei, Bruno Rodriguez, a caracterizat aceste sanc\u021biuni drept o \u201epedeaps\u0103 colectiv\u0103\u201d pentru poporul cubanez, subliniind c\u0103 m\u0103surile unilaterale adoptate de guvernul american sunt respinse ferm. \u201eRespingem ferm recentele m\u0103suri coercitive unilaterale adoptate de guvernul Statelor Unite\u201d, a scris el pe platforma X.<\/p>\n<p>Pre\u0219edintele Trump a exprimat \u00een mod constant inten\u021bia de a prelua controlul asupra Cubei, \u021bar\u0103 situat\u0103 la doar 145 km de Florida, care se confrunt\u0103 cu un embargo comercial american aproape continuu, \u00eencep\u00e2nd cu revolu\u021bia comunist\u0103 condus\u0103 de Fidel Castro \u00een 1959.<\/p>\n<p>\u00cen cadrul unui discurs sus\u021binut vineri \u00een Florida, Trump a sugerat din nou posibilitatea unor ac\u021biuni militare \u00eempotriva Cubei. El a declarat: \u201eLa \u00eentoarcerea din Iran, vom trimite una dintre navele noastre mari \u2013 poate portavionul USS Abraham Lincoln, cel mai mare din lume \u2013 care va intra \u00een apele teritoriale, se va opri la aproximativ 100 de metri de \u021b\u0103rm, iar ei vor spune: \u00abV\u0103 mul\u021bumim foarte mult. Ne pred\u0103m.\u00bb\u201d<\/p>\n<p>\u00cen ultimele luni, situa\u021bia economic\u0103 din Cuba s-a deteriorat semnificativ, \u00een special dup\u0103 ce Washingtonul a impus un blocaj asupra combustibilului \u00een luna ianuarie. De atunci, doar un singur petrolier rusesc a reu\u0219it s\u0103 ajung\u0103 pe insul\u0103, ceea ce a dus la penurii severe de aprovizionare \u0219i \u00eentreruperi frecvente de curent. Turismul, care a fost c\u00e2ndva cea mai profitabil\u0103 industrie a Cubei, a suferit o sc\u0103dere drastic\u0103.<\/p>\n<p>Decretul lui Trump vizeaz\u0103 persoanele care activeaz\u0103 sau au activat \u00een sectoare precum energia, ap\u0103rarea, mineritul, serviciile financiare \u0219i securitatea din economia cubanez\u0103. De asemenea, sunt inclu\u0219i oficiali cubanezi suspecta\u021bi de \u201e\u00eenc\u0103lc\u0103ri grave ale drepturilor omului\u201d sau de acte de corup\u021bie.<\/p>\n<p>Jeremy Paner, fost investigator \u00een domeniul sanc\u021biunilor la Oficiul de Control al Activelor Str\u0103ine din cadrul Trezoreriei SUA, a subliniat c\u0103 aceste m\u0103suri reprezint\u0103 cea mai semnificativ\u0103 ac\u021biune \u00eempotriva companiilor non-americane de la \u00eenceputul embargoului impus Cubei, \u00een urm\u0103 cu c\u00e2teva decenii.<\/p>\n<p>Este important de men\u021bionat c\u0103 aceste sanc\u021biuni au fost impuse \u00een ciuda eforturilor recente de dialog dintre cele dou\u0103 \u021b\u0103ri, oficiali de rang \u00eenalt din SUA vizit\u00e2nd Cuba pentru discu\u021bii \u00een luna aprilie.<\/p>\n","protected":false},"excerpt":{"rendered":"<p>\u00centr-un decret preziden\u021bial semnat vineri, pre\u0219edintele Statelor Unite a anun\u021bat impunerea de sanc\u021biuni \u00eempotriva persoanelor implicate \u00een diverse sectoare ale economiei cubaneze. Aceast\u0103 decizie vine \u00een contextul \u00een care administra\u021bia american\u0103 caut\u0103 s\u0103 intensifice presiunea asupra regimului de la Havana, dup\u0103 \u00eenl\u0103turarea liderului venezuelean Nicol\u00e1s Maduro, la \u00eenceputul acestui an, conform informa\u021biilor furnizate de The [&hellip;]<\/p>\n","protected":false},"author":2,"featured_media":17138,"comment_status":"open","ping_status":"open","sticky":false,"template":"","format":"standard","meta":{"jnews-multi-image_gallery":[],"jnews_single_post":[],"jnews_primary_category":[],"jnews_override_counter":[],"footnotes":""},"categories":[41],"tags":[19351,1734,19349,19352,19350,19353,86,1735],"class_list":["post-17137","post","type-post","status-publish","format-standard","has-post-thumbnail","hentry","category-externe","tag-bruno-rodriguez","tag-cuba","tag-economia-cubaneza","tag-embargo-comercial","tag-presiune-americana","tag-regimul-de-la-havana","tag-sanctiuni","tag-trump"],"_links":{"self":[{"href":"https:\/\/www.newsrecorder.ro\/app\/wp-json\/wp\/v2\/posts\/17137","targetHints":{"allow":["GET"]}}],"collection":[{"href":"https:\/\/www.newsrecorder.ro\/app\/wp-json\/wp\/v2\/posts"}],"about":[{"href":"https:\/\/www.newsrecorder.ro\/app\/wp-json\/wp\/v2\/types\/post"}],"author":[{"embeddable":true,"href":"https:\/\/www.newsrecorder.ro\/app\/wp-json\/wp\/v2\/users\/2"}],"replies":[{"embeddable":true,"href":"https:\/\/www.newsrecorder.ro\/app\/wp-json\/wp\/v2\/comments?post=17137"}],"version-history":[{"count":0,"href":"https:\/\/www.newsrecorder.ro\/app\/wp-json\/wp\/v2\/posts\/17137\/revisions"}],"wp:featuredmedia":[{"embeddable":true,"href":"https:\/\/www.newsrecorder.ro\/app\/wp-json\/wp\/v2\/media\/17138"}],"wp:attachment":[{"href":"https:\/\/www.newsrecorder.ro\/app\/wp-json\/wp\/v2\/media?parent=17137"}],"wp:term":[{"taxonomy":"category","embeddable":true,"href":"https:\/\/www.newsrecorder.ro\/app\/wp-json\/wp\/v2\/categories?post=17137"},{"taxonomy":"post_tag","embeddable":true,"href":"https:\/\/www.newsrecorder.ro\/app\/wp-json\/wp\/v2\/tags?post=17137"}],"curies":[{"name":"wp","href":"https:\/\/api.w.org\/{rel}","templated":true}]}}