{"id":17143,"date":"2026-05-02T04:10:19","date_gmt":"2026-05-02T04:10:19","guid":{"rendered":"https:\/\/www.newsrecorder.ro\/app\/2026\/05\/02\/un-fost-imigrant-fara-acte-devine-episcop-sub-papa-leon-xiv-in-sua\/"},"modified":"2026-05-02T04:10:19","modified_gmt":"2026-05-02T04:10:19","slug":"un-fost-imigrant-fara-acte-devine-episcop-sub-papa-leon-xiv-in-sua","status":"publish","type":"post","link":"https:\/\/www.newsrecorder.ro\/app\/2026\/05\/02\/un-fost-imigrant-fara-acte-devine-episcop-sub-papa-leon-xiv-in-sua\/","title":{"rendered":"Un fost imigrant f\u0103r\u0103 acte devine episcop sub Papa Leon XIV \u00een SUA!"},"content":{"rendered":"<p>Evelio Menjivar-Ayala a fost numit vineri episcop al Diecezei de Wheeling-Charleston din Virginia de Vest, \u00eentr-o decizie luat\u0103 de Papa Leon al XIV-lea, conform informa\u021biilor furnizate de <a href=\"https:\/\/www.lefigaro.fr\/international\/un-ancien-migrant-sans-papiers-nomme-eveque-par-le-pape-leon-xiv-aux-etats-unis-20260501\" target=\"_blank\" rel=\"noopener\">Le Figaro<\/a>.<\/p>\n<p>Numirea sa survine \u00eentr-un context \u00een care Papa a exprimat critici fa\u021b\u0103 de r\u0103zboiul din Iran \u0219i politicile de imigra\u021bie implementate de fostul pre\u0219edinte Donald Trump.<\/p>\n<p>Noul episcop, \u00een v\u00e2rst\u0103 de 56 de ani, ocup\u0103 \u00een prezent func\u021bia de episcop auxiliar \u00een Washington, D.C.<\/p>\n<p>Evelio Menjivar-Ayala s-a n\u0103scut \u00een El Salvador \u0219i a emigrat \u00een Statele Unite \u00een 1990, \u00een c\u0103utarea unei vie\u021bi mai bune. \u00ce\u0219i aminte\u0219te cum a crescut \u00een condi\u021bii de s\u0103r\u0103cie \u0219i cum a fost nevoit s\u0103 fug\u0103 de conflictul armat din \u021bara sa natal\u0103. \u00cen drumul s\u0103u spre Statele Unite, a fost arestat \u00een Mexic, dar a reu\u0219it s\u0103 pl\u0103teasc\u0103 o mit\u0103 pentru a fi eliberat \u0219i, astfel, a reu\u0219it s\u0103 treac\u0103 grani\u021ba \u00een Tijuana. A fost hirotonit preot \u00een 2004, conform acelea\u0219i surse.<\/p>\n<p>Papa Leon al XIV-lea, originar din Statele Unite, s-a confruntat cu critici din partea lui Donald Trump, care l-a numit \u201eslab\u201d dup\u0103 ce Papa a considerat amenin\u021b\u0103rile lui Trump de a distruge Iranul drept \u201einacceptabile\u201d. De asemenea, Papa a caracterizat abordarea pre\u0219edintelui american fa\u021b\u0103 de migran\u021bi ca fiind \u201eextrem de lipsit\u0103 de respect\u201d, subliniind importan\u021ba trat\u0103rii oamenilor cu umanitate.<\/p>\n","protected":false},"excerpt":{"rendered":"<p>Evelio Menjivar-Ayala a fost numit vineri episcop al Diecezei de Wheeling-Charleston din Virginia de Vest, \u00eentr-o decizie luat\u0103 de Papa Leon al XIV-lea, conform informa\u021biilor furnizate de Le Figaro. Numirea sa survine \u00eentr-un context \u00een care Papa a exprimat critici fa\u021b\u0103 de r\u0103zboiul din Iran \u0219i politicile de imigra\u021bie implementate de fostul pre\u0219edinte Donald Trump. [&hellip;]<\/p>\n","protected":false},"author":2,"featured_media":17144,"comment_status":"open","ping_status":"open","sticky":false,"template":"","format":"standard","meta":{"jnews-multi-image_gallery":[],"jnews_single_post":[],"jnews_primary_category":[],"jnews_override_counter":[],"footnotes":""},"categories":[41],"tags":[2432,19365,31,19366,19364,19363,1897,19362],"class_list":["post-17143","post","type-post","status-publish","format-standard","has-post-thumbnail","hentry","category-externe","tag-conflicte-armate","tag-dieceza-de-wheeling-charleston","tag-jnews_demo_donald-trump","tag-el-salvador","tag-episcop","tag-evelio-menjivar-ayala","tag-imigratie","tag-xiv"],"_links":{"self":[{"href":"https:\/\/www.newsrecorder.ro\/app\/wp-json\/wp\/v2\/posts\/17143","targetHints":{"allow":["GET"]}}],"collection":[{"href":"https:\/\/www.newsrecorder.ro\/app\/wp-json\/wp\/v2\/posts"}],"about":[{"href":"https:\/\/www.newsrecorder.ro\/app\/wp-json\/wp\/v2\/types\/post"}],"author":[{"embeddable":true,"href":"https:\/\/www.newsrecorder.ro\/app\/wp-json\/wp\/v2\/users\/2"}],"replies":[{"embeddable":true,"href":"https:\/\/www.newsrecorder.ro\/app\/wp-json\/wp\/v2\/comments?post=17143"}],"version-history":[{"count":0,"href":"https:\/\/www.newsrecorder.ro\/app\/wp-json\/wp\/v2\/posts\/17143\/revisions"}],"wp:featuredmedia":[{"embeddable":true,"href":"https:\/\/www.newsrecorder.ro\/app\/wp-json\/wp\/v2\/media\/17144"}],"wp:attachment":[{"href":"https:\/\/www.newsrecorder.ro\/app\/wp-json\/wp\/v2\/media?parent=17143"}],"wp:term":[{"taxonomy":"category","embeddable":true,"href":"https:\/\/www.newsrecorder.ro\/app\/wp-json\/wp\/v2\/categories?post=17143"},{"taxonomy":"post_tag","embeddable":true,"href":"https:\/\/www.newsrecorder.ro\/app\/wp-json\/wp\/v2\/tags?post=17143"}],"curies":[{"name":"wp","href":"https:\/\/api.w.org\/{rel}","templated":true}]}}