{"id":17145,"date":"2026-05-02T04:10:42","date_gmt":"2026-05-02T04:10:42","guid":{"rendered":"https:\/\/www.newsrecorder.ro\/app\/2026\/05\/02\/proteste-de-1-mai-in-turcia-sute-de-retinuti-intr-o-zi-tumultoasa\/"},"modified":"2026-05-02T04:10:42","modified_gmt":"2026-05-02T04:10:42","slug":"proteste-de-1-mai-in-turcia-sute-de-retinuti-intr-o-zi-tumultoasa","status":"publish","type":"post","link":"https:\/\/www.newsrecorder.ro\/app\/2026\/05\/02\/proteste-de-1-mai-in-turcia-sute-de-retinuti-intr-o-zi-tumultoasa\/","title":{"rendered":"Proteste de 1 Mai \u00een Turcia: sute de re\u021binu\u021bi \u00eentr-o zi tumultoas\u0103"},"content":{"rendered":"<p>Peste 500 de protestatari au fost aresta\u021bi vineri \u00een timpul manifesta\u021biilor dedicate Zilei Muncii din Turcia, dup\u0103 ce au \u00eencercat s\u0103 m\u0103r\u0219\u0103luiasc\u0103 \u00een zone interzise, conform raport\u0103rilor de la <a href=\"https:\/\/newsroom.ap.org\/detail\/HundredsdetainedduringMayDayprotestsinTurkey\/51e1c609c94fee210f48d9482defd103\/text?vs=false&amp;currentItemNo=0&amp;startingItemNo=0\" target=\"_blank\" rel=\"noopener\">AP News<\/a>.<\/p>\n<p>Protestele de 1 Mai \u00een Turcia sunt adesea \u00eenso\u021bite de tensiuni \u00eentre manifestan\u021bi \u0219i autorit\u0103\u021bi, care au decretat Pia\u021ba Taksim din centrul Istanbulului ca fiind o zon\u0103 interzis\u0103 pentru proteste, invoc\u00e2nd motive de securitate. Aceast\u0103 m\u0103sur\u0103 este justificat\u0103 de violen\u021bele tragice din 1977, c\u00e2nd peste 30 de persoane au fost ucise \u00een timpul unor confrunt\u0103ri \u00een aceea\u0219i pia\u021b\u0103.<\/p>\n<p>\u00cen ciuda restric\u021biilor, vineri, grupuri mici de protestatari s-au adunat \u00een apropierea Pie\u021bei Taksim, \u00eencerc\u00e2nd s\u0103 \u00eenfrunte blocada poli\u021biei. Ace\u0219tia purtau pancarte \u0219i scandau pentru redeschiderea pie\u021bei, conform surselor citate.<\/p>\n<p>Cartierul Mecidiyekoy, aflat \u00een apropiere, a devenit principalul punct de adunare, unde sute de participan\u021bi au fost \u00eent\u00e2mpina\u021bi cu tunuri cu ap\u0103 \u0219i spray cu piper de c\u0103tre for\u021bele de ordine, \u00eenainte de a fi re\u021binu\u021bi.<\/p>\n<p>Aceste re\u021bineri au avut loc la o zi dup\u0103 ce Curtea Constitu\u021bional\u0103 a Turciei a stabilit c\u0103 dreptul la \u00eentrunire pa\u0219nic\u0103 al trei persoane, re\u021binute timp de 58 de zile \u00een 2024, a fost \u00eenc\u0103lcat. Aceast\u0103 decizie a creat un precedent important pentru viitoarele proteste de Ziua Muncii.<\/p>\n<p>Biroul guvernatorului din Istanbul a comunicat c\u0103 publicul a fost informat anterior despre m\u0103surile de siguran\u021b\u0103 impuse. \u201eAnumite grupuri marginale au ignorat aceste m\u0103suri \u0219i s-au ciocnit cu ofi\u021berii de poli\u021bie, a\u0219a cum se \u00eent\u00e2mpl\u0103 \u00een fiecare an\u201d, au declarat oficialii, ad\u0103ug\u00e2nd c\u0103 p\u00e2n\u0103 vineri la ora 18:00, 575 de persoane au fost re\u021binute.<\/p>\n","protected":false},"excerpt":{"rendered":"<p>Peste 500 de protestatari au fost aresta\u021bi vineri \u00een timpul manifesta\u021biilor dedicate Zilei Muncii din Turcia, dup\u0103 ce au \u00eencercat s\u0103 m\u0103r\u0219\u0103luiasc\u0103 \u00een zone interzise, conform raport\u0103rilor de la AP News. Protestele de 1 Mai \u00een Turcia sunt adesea \u00eenso\u021bite de tensiuni \u00eentre manifestan\u021bi \u0219i autorit\u0103\u021bi, care au decretat Pia\u021ba Taksim din centrul Istanbulului ca [&hellip;]<\/p>\n","protected":false},"author":2,"featured_media":17146,"comment_status":"open","ping_status":"open","sticky":false,"template":"","format":"standard","meta":{"jnews-multi-image_gallery":[],"jnews_single_post":[],"jnews_primary_category":[],"jnews_override_counter":[],"footnotes":""},"categories":[41],"tags":[5007,2136,10384,13307,1035,1357,2412,19263],"class_list":["post-17145","post","type-post","status-publish","format-standard","has-post-thumbnail","hentry","category-externe","tag-arestari","tag-autoritati","tag-blocada","tag-piata-taksim","tag-proteste","tag-tensiuni","tag-turcia","tag-ziua-muncii"],"_links":{"self":[{"href":"https:\/\/www.newsrecorder.ro\/app\/wp-json\/wp\/v2\/posts\/17145","targetHints":{"allow":["GET"]}}],"collection":[{"href":"https:\/\/www.newsrecorder.ro\/app\/wp-json\/wp\/v2\/posts"}],"about":[{"href":"https:\/\/www.newsrecorder.ro\/app\/wp-json\/wp\/v2\/types\/post"}],"author":[{"embeddable":true,"href":"https:\/\/www.newsrecorder.ro\/app\/wp-json\/wp\/v2\/users\/2"}],"replies":[{"embeddable":true,"href":"https:\/\/www.newsrecorder.ro\/app\/wp-json\/wp\/v2\/comments?post=17145"}],"version-history":[{"count":0,"href":"https:\/\/www.newsrecorder.ro\/app\/wp-json\/wp\/v2\/posts\/17145\/revisions"}],"wp:featuredmedia":[{"embeddable":true,"href":"https:\/\/www.newsrecorder.ro\/app\/wp-json\/wp\/v2\/media\/17146"}],"wp:attachment":[{"href":"https:\/\/www.newsrecorder.ro\/app\/wp-json\/wp\/v2\/media?parent=17145"}],"wp:term":[{"taxonomy":"category","embeddable":true,"href":"https:\/\/www.newsrecorder.ro\/app\/wp-json\/wp\/v2\/categories?post=17145"},{"taxonomy":"post_tag","embeddable":true,"href":"https:\/\/www.newsrecorder.ro\/app\/wp-json\/wp\/v2\/tags?post=17145"}],"curies":[{"name":"wp","href":"https:\/\/api.w.org\/{rel}","templated":true}]}}