{"id":17309,"date":"2026-05-03T02:44:27","date_gmt":"2026-05-03T02:44:27","guid":{"rendered":"https:\/\/www.newsrecorder.ro\/app\/2026\/05\/03\/trump-anunta-taieri-drastice-peste-5000-de-soldati-din-germania\/"},"modified":"2026-05-03T02:44:27","modified_gmt":"2026-05-03T02:44:27","slug":"trump-anunta-taieri-drastice-peste-5000-de-soldati-din-germania","status":"publish","type":"post","link":"https:\/\/www.newsrecorder.ro\/app\/2026\/05\/03\/trump-anunta-taieri-drastice-peste-5000-de-soldati-din-germania\/","title":{"rendered":"\u201eTrump anun\u021b\u0103 t\u0103ieri drastice: peste 5000 de solda\u021bi din Germania!\u201d"},"content":{"rendered":"<p>\u00centr-o declara\u021bie recent\u0103, pre\u0219edintele Statelor Unite, Donald Trump, a anun\u021bat o reducere semnificativ\u0103 a efectivelor militare americane din Germania. \u201eVom reduce efectivele mult mai mult \u0219i reducem mult mai mult de 5.000\u201d, a afirmat Trump jurnali\u0219tilor din West Palm Beach, Florida, \u00een timp ce se preg\u0103tea s\u0103 urce \u00een avion, conform <a href=\"https:\/\/www.lefigaro.fr\/international\/washington-va-retirer-5-000-soldats-d-allemagne-trump-en-annonce-bien-davantage-20260503\" target=\"_blank\" rel=\"noopener\">LeFigaro<\/a>.<\/p>\n<p>Decizia de reducere a efectivelor, anun\u021bat\u0103 vineri de Pentagon, este a\u0219teptat\u0103 s\u0103 se implementeze \u00een intervalul de \u201e\u0219ase p\u00e2n\u0103 la dou\u0103sprezece luni\u201d \u0219i va afecta aproximativ 15% din cei 36.000 de solda\u021bi americani sta\u021biona\u021bi \u00een Germania. Prezen\u021ba acestora este esen\u021bial\u0103 at\u00e2t pentru securitatea regional\u0103, c\u00e2t \u0219i pentru economia local\u0103.<\/p>\n<p>Acest anun\u021b vine dup\u0103 comentariile critice ale cancelarului german Friedrich Merz, care a declarat c\u0103 \u201eamericanii (\u00een mod clar) nu aveau nicio strategie\u201d \u00een privin\u021ba Iranului \u0219i c\u0103 Teheranul a reu\u0219it s\u0103 \u201eumileasc\u0103\u201d Statele Unite, cea mai puternic\u0103 na\u021biune din lume.<\/p>\n<p>Trump a subliniat c\u0103 alia\u021bii europeni tradi\u021bionali nu ofer\u0103 sprijin suficient \u00een contextul ofensivei \u00eempotriva Republicii Islamice, desf\u0103\u0219urat\u0103 \u00eencep\u00e2nd cu sf\u00e2r\u0219itul lunii februarie, al\u0103turi de Israel. De asemenea, pre\u0219edintele american a cerut \u00een mod constant ca \u021b\u0103rile europene s\u0103-\u0219i consolideze ap\u0103rarea, acuz\u00e2ndu-le de o dependen\u021b\u0103 excesiv\u0103 de protec\u021bia militar\u0103 a Statelor Unite.<\/p>\n<p>\u00cen Statele Unite, reac\u021biile nu au \u00eent\u00e2rziat s\u0103 apar\u0103. Cei doi pre\u0219edin\u021bi republicani ai comisiilor parlamentare pentru for\u021bele armate din Camera Reprezentan\u021bilor \u0219i Senat, care fac parte din tab\u0103ra lui Trump, s-au declarat \u201efoarte \u00eengrijora\u021bi\u201d de aceast\u0103 decizie, consider\u00e2nd c\u0103 \u201ese transmite un semnal prost lui Vladimir Putin\u201d.<\/p>\n<p>Mike Rogers \u0219i Roger Wicker, \u00een cadrul unui comunicat, au subliniat c\u0103, de\u0219i alia\u021bii europeni se \u00eendreapt\u0103 c\u0103tre un nivel al cheltuielilor de ap\u0103rare de 5% din PIB, realizarea acestor investi\u021bii va necesita timp. \u201eReducerea \u00een mod absurd a prezen\u021bei SUA \u00een Europa \u00eenainte ca aceste mijloace s\u0103 fie pe deplin opera\u021bionale risc\u0103 s\u0103 sl\u0103beasc\u0103 descurajarea\u201d, au ad\u0103ugat ei.<\/p>\n<p>Coment\u00e2nd pe marginea acestei situa\u021bii, ministrul german al ap\u0103r\u0103rii, Boris Pistorius, a afirmat pentru AFP c\u0103 \u201efaptul c\u0103 trupele Statelor Unite se retrag din Europa \u0219i din Germania era de a\u0219teptat\u201d. El a subliniat c\u0103 \u201enoi, europenii, trebuie s\u0103 ne asum\u0103m mai mult\u0103 responsabilitate pentru securitatea noastr\u0103\u201d.<\/p>\n","protected":false},"excerpt":{"rendered":"<p>\u00centr-o declara\u021bie recent\u0103, pre\u0219edintele Statelor Unite, Donald Trump, a anun\u021bat o reducere semnificativ\u0103 a efectivelor militare americane din Germania. \u201eVom reduce efectivele mult mai mult \u0219i reducem mult mai mult de 5.000\u201d, a afirmat Trump jurnali\u0219tilor din West Palm Beach, Florida, \u00een timp ce se preg\u0103tea s\u0103 urce \u00een avion, conform LeFigaro. Decizia de reducere [&hellip;]<\/p>\n","protected":false},"author":2,"featured_media":17310,"comment_status":"open","ping_status":"open","sticky":false,"template":"","format":"standard","meta":{"jnews-multi-image_gallery":[],"jnews_single_post":[],"jnews_primary_category":[],"jnews_override_counter":[],"footnotes":""},"categories":[39],"tags":[31,13251,19464,676,913,5195,6110,3284],"class_list":["post-17309","post","type-post","status-publish","format-standard","has-post-thumbnail","hentry","category-stirile-zilei","tag-jnews_demo_donald-trump","tag-economie-locala","tag-efective-militare","tag-germania","tag-iran","tag-pentagon","tag-reducere","tag-securitate-regionala"],"_links":{"self":[{"href":"https:\/\/www.newsrecorder.ro\/app\/wp-json\/wp\/v2\/posts\/17309","targetHints":{"allow":["GET"]}}],"collection":[{"href":"https:\/\/www.newsrecorder.ro\/app\/wp-json\/wp\/v2\/posts"}],"about":[{"href":"https:\/\/www.newsrecorder.ro\/app\/wp-json\/wp\/v2\/types\/post"}],"author":[{"embeddable":true,"href":"https:\/\/www.newsrecorder.ro\/app\/wp-json\/wp\/v2\/users\/2"}],"replies":[{"embeddable":true,"href":"https:\/\/www.newsrecorder.ro\/app\/wp-json\/wp\/v2\/comments?post=17309"}],"version-history":[{"count":0,"href":"https:\/\/www.newsrecorder.ro\/app\/wp-json\/wp\/v2\/posts\/17309\/revisions"}],"wp:featuredmedia":[{"embeddable":true,"href":"https:\/\/www.newsrecorder.ro\/app\/wp-json\/wp\/v2\/media\/17310"}],"wp:attachment":[{"href":"https:\/\/www.newsrecorder.ro\/app\/wp-json\/wp\/v2\/media?parent=17309"}],"wp:term":[{"taxonomy":"category","embeddable":true,"href":"https:\/\/www.newsrecorder.ro\/app\/wp-json\/wp\/v2\/categories?post=17309"},{"taxonomy":"post_tag","embeddable":true,"href":"https:\/\/www.newsrecorder.ro\/app\/wp-json\/wp\/v2\/tags?post=17309"}],"curies":[{"name":"wp","href":"https:\/\/api.w.org\/{rel}","templated":true}]}}